{"id":6067,"date":"2024-09-12T12:43:32","date_gmt":"2024-09-12T15:43:32","guid":{"rendered":"http:\/\/cultura.sma.gob.ar\/?p=6067"},"modified":"2024-09-12T12:43:32","modified_gmt":"2024-09-12T15:43:32","slug":"programa-completo-del-2-congreso-de-patrimonio-cultural-dia-por-dia","status":"publish","type":"post","link":"https:\/\/cultura.sma.gob.ar\/?p=6067","title":{"rendered":"Programa completo del 2\u00b0 Congreso de Patrimonio Cultural &#8211; d\u00eda por d\u00eda"},"content":{"rendered":"\n<div class=\"wp-block-image\"><figure class=\"aligncenter size-large\"><img loading=\"lazy\" decoding=\"async\" width=\"505\" height=\"503\" src=\"https:\/\/cultura.sma.gob.ar\/wp-content\/uploads\/2024\/09\/Screenshot-2024-09-12-12.42.55-PM.png\" alt=\"\" class=\"wp-image-6068\" srcset=\"https:\/\/cultura.sma.gob.ar\/wp-content\/uploads\/2024\/09\/Screenshot-2024-09-12-12.42.55-PM.png 505w, https:\/\/cultura.sma.gob.ar\/wp-content\/uploads\/2024\/09\/Screenshot-2024-09-12-12.42.55-PM-300x300.png 300w, https:\/\/cultura.sma.gob.ar\/wp-content\/uploads\/2024\/09\/Screenshot-2024-09-12-12.42.55-PM-150x150.png 150w, https:\/\/cultura.sma.gob.ar\/wp-content\/uploads\/2024\/09\/Screenshot-2024-09-12-12.42.55-PM-90x90.png 90w\" sizes=\"auto, (max-width: 505px) 100vw, 505px\" \/><\/figure><\/div>\n\n\n\n<h2 class=\"wp-block-heading\">JUEVES 19<\/h2>\n\n\n\n<p>09:30 hs &#8211; Acreditaciones.<br>10:30 hs &#8211; ACTO DE APERTURA.<br>11:00 hs &#8211; NEIRA M. Victoria, CACHERO Cecilia, GAETE Luis \u00a0y LEMA\u00a0 Alejandra \u2013 Obra y Puesta en Valor del Edificio San Jos\u00e9 (Ex Parroquia actual teatro).<br>11:30\u00a0hs &#8211; Alumnos de 5\u00b0A del CPEM 57. Proyecto de difusi\u00f3n: Arte Rupestre en San Mart\u00edn de los Andes.<br>12:00 hs &#8211; RECESO.<br>15:30 hs &#8211;\u00a0 Casa de Las Leyes, Legislatura de la Provincia del Neuqu\u00e9n. Presentaci\u00f3n del Almanaque de Croquiseros Urbanos 2025: \u201cArquitectura de un pueblo de monta\u00f1a\u201d.<br>16:00 hs &#8211; SCHROH Sergio &#8211; Investigaciones durante su gesti\u00f3n como intendente municipal (1999\/2003)<br>16:30 hs &#8211; TRIPAILAF\u00a0 Georgina y MATTIGUELLO Franco &#8211; El Telar Mapuche y las tinturas naturales.<br>17:00 hs &#8211; \u00a0REFRIGERIO<br>17:30hs &#8211; FORO DEBATE. Patrimonio arquitect\u00f3nico, urbano y paisaj\u00edstico.\u00a0 Propuesta de incorporaci\u00f3n de bienes: Casa \u201cEl Barquito\u201d, Galp\u00f3n de Creide, Conjunto Gentilli,\u00a0 Casa Figueroa, Casa Hopichler y Parroquia San Jos\u00e9.<br>19:30 hs &#8211; CONFERENCIA MAGISTRAL.\u00a0 SANTIB\u00c1\u00d1EZ Mar\u00eda Gabriela \u2013 Desaf\u00edos contempor\u00e1neos para el abordaje, la gesti\u00f3n y conservaci\u00f3n del patrimonio cultural.<\/p>\n\n\n\n<h2 class=\"wp-block-heading\">VIERNES 20<\/h2>\n\n\n\n<p>10:30 hs &#8211; MARQUEZ Armando Mario &#8211; Patrimonio Cultural: Imprescindible capacitaci\u00f3n en la materia.<br>11:00 hs &#8211; VALENTINO Noem\u00ed y MANGANIELLO Marisa &#8211; Documentaci\u00f3n del Tte. Coronel P\u00e9rez y prospecci\u00f3n de la Plaza San Mart\u00edn<br>11:30 hs &#8211; PEPICHE Celeste\u00a0 y GUTIERREZ Cristina \u2013 La Pastera, museo del Che. Presentaci\u00f3n del Corredor Tur\u00edstico Cultural La Ruta del Che.<br>12:00 hs &#8211; RECESO.<br>15:30 hs &#8211; ARACH Adriano y MEDINA Andrea \u2013 Catalogaci\u00f3n de \u00e1rboles de San Mart\u00edn de los Andes, bases para valorar el Patrimonio Dendrol\u00f3gico.<br>16:00\u00a0 hs &#8211; QUILODR\u00c1N Silvana \u2013 Gesti\u00f3n del Patrimonio Arqueol\u00f3gico del Neuqu\u00e9n.<br>16:30\u00a0 hs &#8211; PAD\u00cdN Nicol\u00e1s &#8211; Cartograf\u00edas de la Memoria Social: el Patrimonio Cultural Inmaterial del Neuqu\u00e9n.<br>17:00 hs &#8211; REFRIGERIO.<br>17:30 hs &#8211; FORO DEBATE. Patrimonio arquitect\u00f3nico, urbano y paisaj\u00edstico. Propuesta de incorporaci\u00f3n de bienes: \u00c1rboles singulares del casco c\u00e9ntrico. Propuesta de incorporaci\u00f3n de \u00e1reas y corredores hist\u00f3ricos (Informe CFI 2024).<br>19:30 hs \u2013 CONFERENCIA MAGISTRAL.\u00a0 PODEST\u00c1 Mar\u00eda Mercedes. Arte Rupestre, Turismo y Gesti\u00f3n Participativa.<\/p>\n\n\n\n<h2 class=\"wp-block-heading\">S\u00c1BADO 21<\/h2>\n\n\n\n<p>10:30 hs &#8211; GOMEZ Griselda &#8211;\u00a0 Ra\u00edces del presente y la importancia de los archivos en la historia de la comunidad.<br>11:00 hs- ROBERTS Brenda, IODICE Alejandro y RECALDE Omar -Relevamiento y Valoraci\u00f3n del Patrimonio Arquitect\u00f3nico de San Mart\u00edn de los Andes (CFI).<br>11:30 hs \u2013 VACCARO Tom\u00e1s &#8211;\u00a0 Importancia de la implementaci\u00f3n de mecanismos de participaci\u00f3n ciudadana para identificar, proteger y difundir el patrimonio cultural.\u00a0\u00a0\u00a0\u00a0\u00a0\u00a0\u00a0\u00a0\u00a0\u00a0\u00a0\u00a0\u00a0\u00a0\u00a0\u00a0\u00a0\u00a0\u00a0\u00a0\u00a0<br>12:00 hs &#8211; RECESO.<br>15:30 hs &#8211; MARYA\u00d1SKI Juan &#8211; Patrimonio y paisaje arqueol\u00f3gico en el Sur Neuquino. Avances en su mapeo e identificaci\u00f3n.<br>16:00 hs &#8211; VACCARO Tom\u00e1s &#8211; Transferencia de FOS y FOT de inmuebles patrimoniales como mecanismo de incentivo para la preservaci\u00f3n de dichos bienes.<br>16:30 hs &#8211;\u00a0 BARRESE\u00a0 Magdalena y DE MENA Ana &#8211; Relevancia y restauraci\u00f3n de la obra Co\u00f1ilafquen, de Adolfo Bellocq.<br>17:00 hs &#8211; REFRIGERIO.<br>17:30 hs \u2013 Visita Guiada \u00a0 por la Exposici\u00f3n: \u201cArte y Memoria, Selecci\u00f3n del Patrimonio Art\u00edstico Municipal\u00a0 de San Mart\u00edn de los Andes\u201d. Sala Chapitel.\u00a0<br>18:30 hs \u2013 CONFERENCIA MAGISTRAL.\u00a0LACARRIEU M\u00f3nica. Habitar Patrimonios: entre esencialidades identitarias y pensamientos descentrados.<br>20:00 hs &#8211; LECTURA DEL DOCUMENTO FINAL.<br>20:30 hs &#8211; CIERRE del Congreso con brindis.<\/p>\n","protected":false},"excerpt":{"rendered":"<p>JUEVES 19 09:30 hs &#8211; Acreditaciones.10:30 hs &#8211; ACTO DE APERTURA.11:00 hs &#8211; NEIRA M. Victoria, CACHERO Cecilia, GAETE Luis \u00a0y LEMA\u00a0 Alejandra \u2013 Obra y Puesta en Valor del Edificio San Jos\u00e9 (Ex Parroquia actual teatro).11:30\u00a0hs &#8211; Alumnos de 5\u00b0A del CPEM 57. Proyecto de difusi\u00f3n: Arte Rupestre en San Mart\u00edn de los Andes.12:00 hs &#8211; RECESO.15:30 hs &#8211;\u00a0 Casa de Las Leyes, Legislatura &hellip; <a href=\"https:\/\/cultura.sma.gob.ar\/?p=6067\" class=\"more-link\">Continue reading <span class=\"screen-reader-text\">Programa completo del 2\u00b0 Congreso de Patrimonio Cultural &#8211; d\u00eda por d\u00eda<\/span><\/a><\/p>\n","protected":false},"author":1,"featured_media":291,"comment_status":"closed","ping_status":"","sticky":false,"template":"","format":"image","meta":{"footnotes":""},"categories":[5,9],"tags":[],"class_list":["post-6067","post","type-post","status-publish","format-image","has-post-thumbnail","hentry","category-patrimonio-cultural","category-ultimas-noticias","post_format-post-format-image"],"_links":{"self":[{"href":"https:\/\/cultura.sma.gob.ar\/index.php?rest_route=\/wp\/v2\/posts\/6067","targetHints":{"allow":["GET"]}}],"collection":[{"href":"https:\/\/cultura.sma.gob.ar\/index.php?rest_route=\/wp\/v2\/posts"}],"about":[{"href":"https:\/\/cultura.sma.gob.ar\/index.php?rest_route=\/wp\/v2\/types\/post"}],"author":[{"embeddable":true,"href":"https:\/\/cultura.sma.gob.ar\/index.php?rest_route=\/wp\/v2\/users\/1"}],"replies":[{"embeddable":true,"href":"https:\/\/cultura.sma.gob.ar\/index.php?rest_route=%2Fwp%2Fv2%2Fcomments&post=6067"}],"version-history":[{"count":1,"href":"https:\/\/cultura.sma.gob.ar\/index.php?rest_route=\/wp\/v2\/posts\/6067\/revisions"}],"predecessor-version":[{"id":6069,"href":"https:\/\/cultura.sma.gob.ar\/index.php?rest_route=\/wp\/v2\/posts\/6067\/revisions\/6069"}],"wp:featuredmedia":[{"embeddable":true,"href":"https:\/\/cultura.sma.gob.ar\/index.php?rest_route=\/wp\/v2\/media\/291"}],"wp:attachment":[{"href":"https:\/\/cultura.sma.gob.ar\/index.php?rest_route=%2Fwp%2Fv2%2Fmedia&parent=6067"}],"wp:term":[{"taxonomy":"category","embeddable":true,"href":"https:\/\/cultura.sma.gob.ar\/index.php?rest_route=%2Fwp%2Fv2%2Fcategories&post=6067"},{"taxonomy":"post_tag","embeddable":true,"href":"https:\/\/cultura.sma.gob.ar\/index.php?rest_route=%2Fwp%2Fv2%2Ftags&post=6067"}],"curies":[{"name":"wp","href":"https:\/\/api.w.org\/{rel}","templated":true}]}}