{"id":6056,"date":"2024-09-11T18:26:56","date_gmt":"2024-09-11T21:26:56","guid":{"rendered":"http:\/\/cultura.sma.gob.ar\/?p=6056"},"modified":"2024-09-11T18:31:02","modified_gmt":"2024-09-11T21:31:02","slug":"arte-y-legado-cultural-exhibicion-de-la-coleccion-plastica-municipal","status":"publish","type":"post","link":"https:\/\/cultura.sma.gob.ar\/?p=6056","title":{"rendered":"ARTE Y LEGADO CULTURAL: Exhibici\u00f3n de la colecci\u00f3n pl\u00e1stica municipal"},"content":{"rendered":"\n<figure class=\"wp-block-image size-large\"><img loading=\"lazy\" decoding=\"async\" width=\"505\" height=\"502\" src=\"https:\/\/cultura.sma.gob.ar\/wp-content\/uploads\/2024\/09\/Screenshot-2024-09-11-6.24.37-PM.png\" alt=\"\" class=\"wp-image-6057\" srcset=\"https:\/\/cultura.sma.gob.ar\/wp-content\/uploads\/2024\/09\/Screenshot-2024-09-11-6.24.37-PM.png 505w, https:\/\/cultura.sma.gob.ar\/wp-content\/uploads\/2024\/09\/Screenshot-2024-09-11-6.24.37-PM-300x298.png 300w, https:\/\/cultura.sma.gob.ar\/wp-content\/uploads\/2024\/09\/Screenshot-2024-09-11-6.24.37-PM-150x150.png 150w, https:\/\/cultura.sma.gob.ar\/wp-content\/uploads\/2024\/09\/Screenshot-2024-09-11-6.24.37-PM-91x90.png 91w\" sizes=\"auto, (max-width: 505px) 100vw, 505px\" \/><\/figure>\n\n\n\n<p><br>La Municipalidad de San Mart\u00edn de los Andes posee una colecci\u00f3n de arte<br>compuesta por obras de valor singular, casi todas donadas por sus autores.<br>Son obras que dan cuenta de un recorrido hist\u00f3rico y de identidad de nuestra<br>colectividad.<\/p>\n\n\n\n<p>La selecci\u00f3n que se exhibir\u00e1 en la sala Lidaura Chapitel, en el marco del 2\u00b0<br>Congreso de Patrimonio Cultural, incluye cuadros<strong> de Georg Miciu, G\u00fcnter<br>Blass, F. de Santo, Elegarte, Elena Lapuente, Lydia Zubizarreta, Mastrosimone y Emaus Miciu, <\/strong>entre otros reconocidos artistas.<\/p>\n\n\n\n<p>Habr\u00e1 un lugar destacado para <strong>el \u00f3leo \u201cCo\u00f1ilafquen\u201d, de Adolfo Bellocq<\/strong>,<br>recientemente restaurado, gracias al convenio firmado entre el Museo Nacional del Bellas Artes de Neuqu\u00e9n y el municipio.  Bellocq pas\u00f3 varias temporadas en nuestra ciudad, en las d\u00e9cadas del 40 y 50, dejando una cantidad de obras con tem\u00e1tica neuquina. Algunos de sus grabados de la serie \u201cAraucana\u201d, inspirados en relatos de Bertha Koessler Ilg, tambi\u00e9n ser\u00e1n parte de esta muestra, gracias al pr\u00e9stamo generoso del Centro Cultural Necochea y Biblioteca Popular Andr\u00e9s Ferreyra, cuyo director, Alberto Franco, estar\u00e1 presente el d\u00eda de la inauguraci\u00f3n.<\/p>\n\n\n\n<p>La muestra \u201cArte y legado cultural\u201d se exhibir\u00e1 desde el 13 de septiembre al 2 de octubre de 2024 con entrada abierta y gratuita. Podr\u00e1 visitarse de lunes a viernes de 10 a 12 h y de 16 a 20 h, y los s\u00e1bados de 15 a 19 h.<\/p>\n\n\n\n<p><strong>Inauguraci\u00f3n: 13 de septiembre de 2024, 20 h.<br>Visita guiada, durante el 2\u00ba Congreso de Patrimonio Cultural: 21 de septiembre,<br>17:30 h.<\/strong><\/p>\n","protected":false},"excerpt":{"rendered":"<p>La Municipalidad de San Mart\u00edn de los Andes posee una colecci\u00f3n de artecompuesta por obras de valor singular, casi todas donadas por sus autores.Son obras que dan cuenta de un recorrido hist\u00f3rico y de identidad de nuestracolectividad. La selecci\u00f3n que se exhibir\u00e1 en la sala Lidaura Chapitel, en el marco del 2\u00b0Congreso de Patrimonio Cultural, incluye cuadros de Georg Miciu, G\u00fcnterBlass, F. de Santo, Elegarte, &hellip; <a href=\"https:\/\/cultura.sma.gob.ar\/?p=6056\" class=\"more-link\">Continue reading <span class=\"screen-reader-text\">ARTE Y LEGADO CULTURAL: Exhibici\u00f3n de la colecci\u00f3n pl\u00e1stica municipal<\/span><\/a><\/p>\n","protected":false},"author":1,"featured_media":295,"comment_status":"closed","ping_status":"","sticky":false,"template":"","format":"image","meta":{"footnotes":""},"categories":[6,9],"tags":[],"class_list":["post-6056","post","type-post","status-publish","format-image","has-post-thumbnail","hentry","category-sala-lidaura-chapitel","category-ultimas-noticias","post_format-post-format-image"],"_links":{"self":[{"href":"https:\/\/cultura.sma.gob.ar\/index.php?rest_route=\/wp\/v2\/posts\/6056","targetHints":{"allow":["GET"]}}],"collection":[{"href":"https:\/\/cultura.sma.gob.ar\/index.php?rest_route=\/wp\/v2\/posts"}],"about":[{"href":"https:\/\/cultura.sma.gob.ar\/index.php?rest_route=\/wp\/v2\/types\/post"}],"author":[{"embeddable":true,"href":"https:\/\/cultura.sma.gob.ar\/index.php?rest_route=\/wp\/v2\/users\/1"}],"replies":[{"embeddable":true,"href":"https:\/\/cultura.sma.gob.ar\/index.php?rest_route=%2Fwp%2Fv2%2Fcomments&post=6056"}],"version-history":[{"count":3,"href":"https:\/\/cultura.sma.gob.ar\/index.php?rest_route=\/wp\/v2\/posts\/6056\/revisions"}],"predecessor-version":[{"id":6061,"href":"https:\/\/cultura.sma.gob.ar\/index.php?rest_route=\/wp\/v2\/posts\/6056\/revisions\/6061"}],"wp:featuredmedia":[{"embeddable":true,"href":"https:\/\/cultura.sma.gob.ar\/index.php?rest_route=\/wp\/v2\/media\/295"}],"wp:attachment":[{"href":"https:\/\/cultura.sma.gob.ar\/index.php?rest_route=%2Fwp%2Fv2%2Fmedia&parent=6056"}],"wp:term":[{"taxonomy":"category","embeddable":true,"href":"https:\/\/cultura.sma.gob.ar\/index.php?rest_route=%2Fwp%2Fv2%2Fcategories&post=6056"},{"taxonomy":"post_tag","embeddable":true,"href":"https:\/\/cultura.sma.gob.ar\/index.php?rest_route=%2Fwp%2Fv2%2Ftags&post=6056"}],"curies":[{"name":"wp","href":"https:\/\/api.w.org\/{rel}","templated":true}]}}