{"id":6052,"date":"2024-09-10T09:00:29","date_gmt":"2024-09-10T12:00:29","guid":{"rendered":"http:\/\/cultura.sma.gob.ar\/?p=6052"},"modified":"2024-09-10T09:00:29","modified_gmt":"2024-09-10T12:00:29","slug":"6052","status":"publish","type":"post","link":"https:\/\/cultura.sma.gob.ar\/?p=6052","title":{"rendered":""},"content":{"rendered":"\n<figure class=\"wp-block-image size-large\"><img loading=\"lazy\" decoding=\"async\" width=\"723\" height=\"1024\" src=\"https:\/\/cultura.sma.gob.ar\/wp-content\/uploads\/2024\/09\/WhatsApp-Image-2024-08-19-at-09.21.46-723x1024.jpeg\" alt=\"\" class=\"wp-image-6053\" srcset=\"https:\/\/cultura.sma.gob.ar\/wp-content\/uploads\/2024\/09\/WhatsApp-Image-2024-08-19-at-09.21.46-723x1024.jpeg 723w, https:\/\/cultura.sma.gob.ar\/wp-content\/uploads\/2024\/09\/WhatsApp-Image-2024-08-19-at-09.21.46-212x300.jpeg 212w, https:\/\/cultura.sma.gob.ar\/wp-content\/uploads\/2024\/09\/WhatsApp-Image-2024-08-19-at-09.21.46-768x1087.jpeg 768w, https:\/\/cultura.sma.gob.ar\/wp-content\/uploads\/2024\/09\/WhatsApp-Image-2024-08-19-at-09.21.46-64x90.jpeg 64w, https:\/\/cultura.sma.gob.ar\/wp-content\/uploads\/2024\/09\/WhatsApp-Image-2024-08-19-at-09.21.46.jpeg 904w\" sizes=\"auto, (max-width: 723px) 100vw, 723px\" \/><\/figure>\n\n\n\n<p>Adrian Goller se presentar\u00e1 el pr\u00f3ximo s\u00e1bado 14 de septiembre, a las 20hs, en el Teatro San Jos\u00e9, con un imperdible espect\u00e1culo musical a beneficio de la Orquesta Musicantes.<\/p>\n\n\n\n<p>&#8220;R\u00edos y amores, amores y r\u00edos se entrelazan a trav\u00e9s de un pu\u00f1ado de canciones que atraviesan distintos g\u00e9neros y autores a trav\u00e9s de la guitarra y la voz en un concierto intimista con artistas invitados&#8221;.<\/p>\n\n\n\n<p>Habr\u00e1 m\u00fasicos invitados y las entradas se pueden conseguir en la boleter\u00eda del teatro. <\/p>\n","protected":false},"excerpt":{"rendered":"<p>Adrian Goller se presentar\u00e1 el pr\u00f3ximo s\u00e1bado 14 de septiembre, a las 20hs, en el Teatro San Jos\u00e9, con un imperdible espect\u00e1culo musical a beneficio de la Orquesta Musicantes. &#8220;R\u00edos y amores, amores y r\u00edos se entrelazan a trav\u00e9s de un pu\u00f1ado de canciones que atraviesan distintos g\u00e9neros y autores a trav\u00e9s de la guitarra y la voz en un concierto intimista con artistas invitados&#8221;. &hellip; <a href=\"https:\/\/cultura.sma.gob.ar\/?p=6052\" class=\"more-link\">Continue reading <span class=\"screen-reader-text\"><\/span><\/a><\/p>\n","protected":false},"author":1,"featured_media":297,"comment_status":"closed","ping_status":"","sticky":false,"template":"","format":"image","meta":{"footnotes":""},"categories":[2,9],"tags":[],"class_list":["post-6052","post","type-post","status-publish","format-image","has-post-thumbnail","hentry","category-ciudad-cultural","category-ultimas-noticias","post_format-post-format-image"],"_links":{"self":[{"href":"https:\/\/cultura.sma.gob.ar\/index.php?rest_route=\/wp\/v2\/posts\/6052","targetHints":{"allow":["GET"]}}],"collection":[{"href":"https:\/\/cultura.sma.gob.ar\/index.php?rest_route=\/wp\/v2\/posts"}],"about":[{"href":"https:\/\/cultura.sma.gob.ar\/index.php?rest_route=\/wp\/v2\/types\/post"}],"author":[{"embeddable":true,"href":"https:\/\/cultura.sma.gob.ar\/index.php?rest_route=\/wp\/v2\/users\/1"}],"replies":[{"embeddable":true,"href":"https:\/\/cultura.sma.gob.ar\/index.php?rest_route=%2Fwp%2Fv2%2Fcomments&post=6052"}],"version-history":[{"count":1,"href":"https:\/\/cultura.sma.gob.ar\/index.php?rest_route=\/wp\/v2\/posts\/6052\/revisions"}],"predecessor-version":[{"id":6054,"href":"https:\/\/cultura.sma.gob.ar\/index.php?rest_route=\/wp\/v2\/posts\/6052\/revisions\/6054"}],"wp:featuredmedia":[{"embeddable":true,"href":"https:\/\/cultura.sma.gob.ar\/index.php?rest_route=\/wp\/v2\/media\/297"}],"wp:attachment":[{"href":"https:\/\/cultura.sma.gob.ar\/index.php?rest_route=%2Fwp%2Fv2%2Fmedia&parent=6052"}],"wp:term":[{"taxonomy":"category","embeddable":true,"href":"https:\/\/cultura.sma.gob.ar\/index.php?rest_route=%2Fwp%2Fv2%2Fcategories&post=6052"},{"taxonomy":"post_tag","embeddable":true,"href":"https:\/\/cultura.sma.gob.ar\/index.php?rest_route=%2Fwp%2Fv2%2Ftags&post=6052"}],"curies":[{"name":"wp","href":"https:\/\/api.w.org\/{rel}","templated":true}]}}