{"id":6048,"date":"2024-09-09T10:35:20","date_gmt":"2024-09-09T13:35:20","guid":{"rendered":"http:\/\/cultura.sma.gob.ar\/?p=6048"},"modified":"2024-09-09T10:35:20","modified_gmt":"2024-09-09T13:35:20","slug":"se-presenta-el-libro-entrelazados","status":"publish","type":"post","link":"https:\/\/cultura.sma.gob.ar\/?p=6048","title":{"rendered":"Se presenta el libro &#8220;Entrelazados&#8221;"},"content":{"rendered":"\n<figure class=\"wp-block-image size-large\"><img loading=\"lazy\" decoding=\"async\" width=\"533\" height=\"576\" src=\"https:\/\/cultura.sma.gob.ar\/wp-content\/uploads\/2024\/09\/Screenshot-2024-09-09-10.30.18-AM.png\" alt=\"\" class=\"wp-image-6049\" srcset=\"https:\/\/cultura.sma.gob.ar\/wp-content\/uploads\/2024\/09\/Screenshot-2024-09-09-10.30.18-AM.png 533w, https:\/\/cultura.sma.gob.ar\/wp-content\/uploads\/2024\/09\/Screenshot-2024-09-09-10.30.18-AM-278x300.png 278w, https:\/\/cultura.sma.gob.ar\/wp-content\/uploads\/2024\/09\/Screenshot-2024-09-09-10.30.18-AM-83x90.png 83w\" sizes=\"auto, (max-width: 533px) 100vw, 533px\" \/><\/figure>\n\n\n\n<p>PRESENTACI\u00d3N GRATUITA de nuestro primer libro<br>&#8220;ENTRELAZADOS&#8221;<\/p>\n\n\n\n<p>Lic. Claudia Sirito (*)<\/p>\n\n\n\n<p>En SAN MART\u00cdN DE LOS ANDES!<\/p>\n\n\n\n<p>Descubre la fascinante conexi\u00f3n de almas vida tras vida y su poder de sanaci\u00f3n.<\/p>\n\n\n\n<p>Qu\u00e9 alegr\u00eda poder invitarte a la Presentaci\u00f3n!<br><br>Es una CELEBRACI\u00d3N y no puede ser de otra manera que comparti\u00e9ndola con vos.<br><br>Aquello que so\u00f1amos muchas veces resulta dif\u00edcil poder concretarlo en nuestra vida. Pero es posible. Y lo m\u00e1s importante es el proceso: c\u00f3mo nos vamos transformando mientras vamos acerc\u00e1ndonos a la manifestaci\u00f3n de nuestro sue\u00f1o.<\/p>\n\n\n\n<p>Fecha: Mi\u00e9rcoles 18 de septiembre 2024<\/p>\n\n\n\n<p>Horario: 16 hs.<\/p>\n\n\n\n<p>Lugar: Espacio DARSAN, Callej\u00f3n de Gingins y Puttkamer, San Mart\u00edn de los Andes (Neuqu\u00e9n, Argentina).<\/p>\n\n\n\n<p>\u00bfQu\u00e9 hay detr\u00e1s de los encuentros \u201ccasuales\u201d con personas que despiertan una transformaci\u00f3n profunda en tu vida?<br><br>\u00bfC\u00f3mo puedes liberarte de traumas del pasado y de creencias que te limitan?<br><br>\u00bfQu\u00e9 nos dicen las Neurociencias y la F\u00edsica<br>Cu\u00e1ntica acerca de los procesos de sanaci\u00f3n?<br><br>Claudia Sirito te sumerge en el cautivante mundo de las vidas pasadas, desentramando los lazos que unen el alma a eventos de otro tiempo, que afectan el presente.<br><br>Las experiencias de India, Jordan y Santiago te abren las puertas a la sanaci\u00f3n de tu propia alma.<\/p>\n\n\n\n<p>Reserv\u00e1 tu espacio al WhatsApp: +54 11 4 558 9757<\/p>\n\n\n\n<p>Traer mantita o almohad\u00f3n para sentarse.<\/p>\n","protected":false},"excerpt":{"rendered":"<p>PRESENTACI\u00d3N GRATUITA de nuestro primer libro&#8220;ENTRELAZADOS&#8221; Lic. Claudia Sirito (*) En SAN MART\u00cdN DE LOS ANDES! Descubre la fascinante conexi\u00f3n de almas vida tras vida y su poder de sanaci\u00f3n. Qu\u00e9 alegr\u00eda poder invitarte a la Presentaci\u00f3n! Es una CELEBRACI\u00d3N y no puede ser de otra manera que comparti\u00e9ndola con vos. Aquello que so\u00f1amos muchas veces resulta dif\u00edcil poder concretarlo en nuestra vida. Pero es &hellip; <a href=\"https:\/\/cultura.sma.gob.ar\/?p=6048\" class=\"more-link\">Continue reading <span class=\"screen-reader-text\">Se presenta el libro &#8220;Entrelazados&#8221;<\/span><\/a><\/p>\n","protected":false},"author":1,"featured_media":297,"comment_status":"closed","ping_status":"","sticky":false,"template":"","format":"image","meta":{"footnotes":""},"categories":[2,9],"tags":[],"class_list":["post-6048","post","type-post","status-publish","format-image","has-post-thumbnail","hentry","category-ciudad-cultural","category-ultimas-noticias","post_format-post-format-image"],"_links":{"self":[{"href":"https:\/\/cultura.sma.gob.ar\/index.php?rest_route=\/wp\/v2\/posts\/6048","targetHints":{"allow":["GET"]}}],"collection":[{"href":"https:\/\/cultura.sma.gob.ar\/index.php?rest_route=\/wp\/v2\/posts"}],"about":[{"href":"https:\/\/cultura.sma.gob.ar\/index.php?rest_route=\/wp\/v2\/types\/post"}],"author":[{"embeddable":true,"href":"https:\/\/cultura.sma.gob.ar\/index.php?rest_route=\/wp\/v2\/users\/1"}],"replies":[{"embeddable":true,"href":"https:\/\/cultura.sma.gob.ar\/index.php?rest_route=%2Fwp%2Fv2%2Fcomments&post=6048"}],"version-history":[{"count":1,"href":"https:\/\/cultura.sma.gob.ar\/index.php?rest_route=\/wp\/v2\/posts\/6048\/revisions"}],"predecessor-version":[{"id":6050,"href":"https:\/\/cultura.sma.gob.ar\/index.php?rest_route=\/wp\/v2\/posts\/6048\/revisions\/6050"}],"wp:featuredmedia":[{"embeddable":true,"href":"https:\/\/cultura.sma.gob.ar\/index.php?rest_route=\/wp\/v2\/media\/297"}],"wp:attachment":[{"href":"https:\/\/cultura.sma.gob.ar\/index.php?rest_route=%2Fwp%2Fv2%2Fmedia&parent=6048"}],"wp:term":[{"taxonomy":"category","embeddable":true,"href":"https:\/\/cultura.sma.gob.ar\/index.php?rest_route=%2Fwp%2Fv2%2Fcategories&post=6048"},{"taxonomy":"post_tag","embeddable":true,"href":"https:\/\/cultura.sma.gob.ar\/index.php?rest_route=%2Fwp%2Fv2%2Ftags&post=6048"}],"curies":[{"name":"wp","href":"https:\/\/api.w.org\/{rel}","templated":true}]}}