{"id":6042,"date":"2024-09-09T09:58:33","date_gmt":"2024-09-09T12:58:33","guid":{"rendered":"http:\/\/cultura.sma.gob.ar\/?p=6042"},"modified":"2024-09-09T09:58:33","modified_gmt":"2024-09-09T12:58:33","slug":"tocar-imagenes-flotantes-nuevo-ciclo-de-seminarios","status":"publish","type":"post","link":"https:\/\/cultura.sma.gob.ar\/?p=6042","title":{"rendered":"TOCAR IM\u00c1GENES FLOTANTES: nuevo ciclo de seminarios"},"content":{"rendered":"\n<figure class=\"wp-block-image size-large\"><img loading=\"lazy\" decoding=\"async\" width=\"1024\" height=\"1024\" src=\"https:\/\/cultura.sma.gob.ar\/wp-content\/uploads\/2024\/09\/WhatsApp-Image-2024-09-06-at-09.43.17-1024x1024.jpeg\" alt=\"\" class=\"wp-image-6043\" srcset=\"https:\/\/cultura.sma.gob.ar\/wp-content\/uploads\/2024\/09\/WhatsApp-Image-2024-09-06-at-09.43.17-1024x1024.jpeg 1024w, https:\/\/cultura.sma.gob.ar\/wp-content\/uploads\/2024\/09\/WhatsApp-Image-2024-09-06-at-09.43.17-300x300.jpeg 300w, https:\/\/cultura.sma.gob.ar\/wp-content\/uploads\/2024\/09\/WhatsApp-Image-2024-09-06-at-09.43.17-150x150.jpeg 150w, https:\/\/cultura.sma.gob.ar\/wp-content\/uploads\/2024\/09\/WhatsApp-Image-2024-09-06-at-09.43.17-768x769.jpeg 768w, https:\/\/cultura.sma.gob.ar\/wp-content\/uploads\/2024\/09\/WhatsApp-Image-2024-09-06-at-09.43.17-90x90.jpeg 90w, https:\/\/cultura.sma.gob.ar\/wp-content\/uploads\/2024\/09\/WhatsApp-Image-2024-09-06-at-09.43.17.jpeg 1200w\" sizes=\"auto, (max-width: 1024px) 100vw, 1024px\" \/><\/figure>\n\n\n\n<p><br>Un programa de seminarios dedicados a exploras nuevas formas de relaci\u00f3n entre la fotograf\u00eda y su performatividad. En Espacio Tintal (P\u00e9rez 842) San Martin de los Andes. PRESENCIAL<br>*<br>Un encuentro por mes _viernes 19 a 22 hs _ D\u00edas: 13 septiembre, 18 octubre y 8 noviembre.<br>Se puede participar a elecci\u00f3n en cualquiera de los seminarios.<br>Cupo limitado<br>Costo: $25.000 pesos por seminario (descuento en caso de participar en el programa completo)<br>A cargo de @suyaiot<br>Inscripciones y consultas:\u00a0<a rel=\"noreferrer noopener\" href=\"mailto:suyaiota@gmail.com\" target=\"_blank\">suyaiota@gmail.com<\/a><\/p>\n\n\n\n<p>1- Imagen sensible. Imagen cuerpo.<br>Sobre la materialidad fotogr\u00e1fica y su devenir en el tiempo.<br>VIERNES 13 SEPTIEMBRE<\/p>\n\n\n\n<p>2- El poder de las im\u00e1genes y su resistencia.<br>Sobre el gesto hacia las im\u00e1genes, su destrucci\u00f3n y resguardo.<br>VIERNES 18 DE OCTUBRE<\/p>\n\n\n\n<p>3- Im\u00e1genes oraculares.<br>Ejercicio de escritura imaginal.<br>VIERNES 8 DE NOVIEMBRE<br>(hay que traer una selecci\u00f3n de 10 im\u00e1genes propias, de otrxs, textos, mixtas, etcs)<\/p>\n\n\n\n<p>Dirigido a docentes, artistas, fotogr\u00e1fxs, escritorxs, investigadorxs, historiadorxs y cualquier persona interesada en el hacer-pensar de la imagen. Cada seminario cuenta con una presentaci\u00f3n de la tem\u00e1tica, conversaci\u00f3n y lectura de textos que abordan las preguntas de cada encuentro. &nbsp;(Textos de Paul Preciado, Marguerite Yourcenar, Joan Fontcuberta y Andrea Soto Calder\u00f3n)<\/p>\n","protected":false},"excerpt":{"rendered":"<p>Un programa de seminarios dedicados a exploras nuevas formas de relaci\u00f3n entre la fotograf\u00eda y su performatividad. En Espacio Tintal (P\u00e9rez 842) San Martin de los Andes. PRESENCIAL*Un encuentro por mes _viernes 19 a 22 hs _ D\u00edas: 13 septiembre, 18 octubre y 8 noviembre.Se puede participar a elecci\u00f3n en cualquiera de los seminarios.Cupo limitadoCosto: $25.000 pesos por seminario (descuento en caso de participar en &hellip; <a href=\"https:\/\/cultura.sma.gob.ar\/?p=6042\" class=\"more-link\">Continue reading <span class=\"screen-reader-text\">TOCAR IM\u00c1GENES FLOTANTES: nuevo ciclo de seminarios<\/span><\/a><\/p>\n","protected":false},"author":1,"featured_media":297,"comment_status":"closed","ping_status":"","sticky":false,"template":"","format":"image","meta":{"footnotes":""},"categories":[2,9],"tags":[],"class_list":["post-6042","post","type-post","status-publish","format-image","has-post-thumbnail","hentry","category-ciudad-cultural","category-ultimas-noticias","post_format-post-format-image"],"_links":{"self":[{"href":"https:\/\/cultura.sma.gob.ar\/index.php?rest_route=\/wp\/v2\/posts\/6042","targetHints":{"allow":["GET"]}}],"collection":[{"href":"https:\/\/cultura.sma.gob.ar\/index.php?rest_route=\/wp\/v2\/posts"}],"about":[{"href":"https:\/\/cultura.sma.gob.ar\/index.php?rest_route=\/wp\/v2\/types\/post"}],"author":[{"embeddable":true,"href":"https:\/\/cultura.sma.gob.ar\/index.php?rest_route=\/wp\/v2\/users\/1"}],"replies":[{"embeddable":true,"href":"https:\/\/cultura.sma.gob.ar\/index.php?rest_route=%2Fwp%2Fv2%2Fcomments&post=6042"}],"version-history":[{"count":1,"href":"https:\/\/cultura.sma.gob.ar\/index.php?rest_route=\/wp\/v2\/posts\/6042\/revisions"}],"predecessor-version":[{"id":6044,"href":"https:\/\/cultura.sma.gob.ar\/index.php?rest_route=\/wp\/v2\/posts\/6042\/revisions\/6044"}],"wp:featuredmedia":[{"embeddable":true,"href":"https:\/\/cultura.sma.gob.ar\/index.php?rest_route=\/wp\/v2\/media\/297"}],"wp:attachment":[{"href":"https:\/\/cultura.sma.gob.ar\/index.php?rest_route=%2Fwp%2Fv2%2Fmedia&parent=6042"}],"wp:term":[{"taxonomy":"category","embeddable":true,"href":"https:\/\/cultura.sma.gob.ar\/index.php?rest_route=%2Fwp%2Fv2%2Fcategories&post=6042"},{"taxonomy":"post_tag","embeddable":true,"href":"https:\/\/cultura.sma.gob.ar\/index.php?rest_route=%2Fwp%2Fv2%2Ftags&post=6042"}],"curies":[{"name":"wp","href":"https:\/\/api.w.org\/{rel}","templated":true}]}}