{"id":604,"date":"2020-11-05T00:01:51","date_gmt":"2020-11-05T03:01:51","guid":{"rendered":"http:\/\/cultura.sma.gob.ar\/?p=604"},"modified":"2020-11-05T00:01:51","modified_gmt":"2020-11-05T03:01:51","slug":"fabian-garella-14-feria-regional-del-libro","status":"publish","type":"post","link":"https:\/\/cultura.sma.gob.ar\/?p=604","title":{"rendered":"Fabi\u00e1n Garella | 14\u00b0 Feria Regional del Libro"},"content":{"rendered":"\n<figure class=\"wp-block-image size-large\"><img loading=\"lazy\" decoding=\"async\" width=\"783\" height=\"783\" src=\"http:\/\/cultura.sma.gob.ar\/wp-content\/uploads\/2020\/11\/FABIAN-GARELLA.png\" alt=\"\" class=\"wp-image-605\" srcset=\"https:\/\/cultura.sma.gob.ar\/wp-content\/uploads\/2020\/11\/FABIAN-GARELLA.png 783w, https:\/\/cultura.sma.gob.ar\/wp-content\/uploads\/2020\/11\/FABIAN-GARELLA-300x300.png 300w, https:\/\/cultura.sma.gob.ar\/wp-content\/uploads\/2020\/11\/FABIAN-GARELLA-150x150.png 150w, https:\/\/cultura.sma.gob.ar\/wp-content\/uploads\/2020\/11\/FABIAN-GARELLA-768x768.png 768w, https:\/\/cultura.sma.gob.ar\/wp-content\/uploads\/2020\/11\/FABIAN-GARELLA-90x90.png 90w\" sizes=\"auto, (max-width: 783px) 100vw, 783px\" \/><\/figure>\n\n\n\n<p>Por <strong>Libreria Ensamble<\/strong><\/p>\n\n\n\n<ul class=\"wp-block-list\"><li>Viernes 13 &#8211; 16:30hs &#8211; Presentaci\u00f3n v\u00eda Zoom<\/li><\/ul>\n\n\n\n<p>En \u201cBendito s\u00edntoma\u201d se narra la historia de Santiago, que buscando la forma de curar a su hijo descubre su propia necesidad de sanaci\u00f3n y atraviesa esta experiencia de la mano de su terapeuta biodecodificadora. El libro ofrece ejercicios de exploraci\u00f3n personal para hilvanar los conocimientos con una pr\u00e1ctica que permita experimentarlos.&nbsp;<\/p>\n\n\n\n<p><strong>Fabi\u00e1n Garella<\/strong> (Rosario, 1966) trabaj\u00f3 durante a\u00f1os para empresas nacionales e internacionales como analista de sistemas de informaci\u00f3n. A partir de un gran cambio de vida, se propuso dedicarse al desarrollo personal y su pasi\u00f3n por ayudar a los dem\u00e1s. Se especializ\u00f3 en biodecdificaci\u00f3n.<\/p>\n","protected":false},"excerpt":{"rendered":"<p>Presentaci\u00f3n virtual <a href=\"https:\/\/cultura.sma.gob.ar\/?p=604\" class=\"more-link\">Continue reading <span class=\"screen-reader-text\">Fabi\u00e1n Garella | 14\u00b0 Feria Regional del Libro<\/span><\/a><\/p>\n","protected":false},"author":1,"featured_media":296,"comment_status":"closed","ping_status":"","sticky":false,"template":"","format":"image","meta":{"footnotes":""},"categories":[3,9],"tags":[],"class_list":["post-604","post","type-post","status-publish","format-image","has-post-thumbnail","hentry","category-eventos-cultura","category-ultimas-noticias","post_format-post-format-image"],"_links":{"self":[{"href":"https:\/\/cultura.sma.gob.ar\/index.php?rest_route=\/wp\/v2\/posts\/604","targetHints":{"allow":["GET"]}}],"collection":[{"href":"https:\/\/cultura.sma.gob.ar\/index.php?rest_route=\/wp\/v2\/posts"}],"about":[{"href":"https:\/\/cultura.sma.gob.ar\/index.php?rest_route=\/wp\/v2\/types\/post"}],"author":[{"embeddable":true,"href":"https:\/\/cultura.sma.gob.ar\/index.php?rest_route=\/wp\/v2\/users\/1"}],"replies":[{"embeddable":true,"href":"https:\/\/cultura.sma.gob.ar\/index.php?rest_route=%2Fwp%2Fv2%2Fcomments&post=604"}],"version-history":[{"count":1,"href":"https:\/\/cultura.sma.gob.ar\/index.php?rest_route=\/wp\/v2\/posts\/604\/revisions"}],"predecessor-version":[{"id":606,"href":"https:\/\/cultura.sma.gob.ar\/index.php?rest_route=\/wp\/v2\/posts\/604\/revisions\/606"}],"wp:featuredmedia":[{"embeddable":true,"href":"https:\/\/cultura.sma.gob.ar\/index.php?rest_route=\/wp\/v2\/media\/296"}],"wp:attachment":[{"href":"https:\/\/cultura.sma.gob.ar\/index.php?rest_route=%2Fwp%2Fv2%2Fmedia&parent=604"}],"wp:term":[{"taxonomy":"category","embeddable":true,"href":"https:\/\/cultura.sma.gob.ar\/index.php?rest_route=%2Fwp%2Fv2%2Fcategories&post=604"},{"taxonomy":"post_tag","embeddable":true,"href":"https:\/\/cultura.sma.gob.ar\/index.php?rest_route=%2Fwp%2Fv2%2Ftags&post=604"}],"curies":[{"name":"wp","href":"https:\/\/api.w.org\/{rel}","templated":true}]}}