{"id":6034,"date":"2024-09-04T09:06:23","date_gmt":"2024-09-04T12:06:23","guid":{"rendered":"http:\/\/cultura.sma.gob.ar\/?p=6034"},"modified":"2024-09-04T09:06:23","modified_gmt":"2024-09-04T12:06:23","slug":"historias-de-los-monumentos-que-mensajes-nos-mandaron-quienes-los-dejaron-ahi-conversatorio-bp-4-de-febrero","status":"publish","type":"post","link":"https:\/\/cultura.sma.gob.ar\/?p=6034","title":{"rendered":"Historias de los monumentos: \u00bfqu\u00e9 mensajes nos mandaron quienes los dejaron ah\u00ed? &#8211; Conversatorio BP 4 de febrero"},"content":{"rendered":"\n<figure class=\"wp-block-image size-large\"><img loading=\"lazy\" decoding=\"async\" width=\"1024\" height=\"1024\" src=\"https:\/\/cultura.sma.gob.ar\/wp-content\/uploads\/2024\/09\/WhatsApp-Image-2024-09-03-at-5.58.17-PM-1024x1024.jpeg\" alt=\"\" class=\"wp-image-6035\" srcset=\"https:\/\/cultura.sma.gob.ar\/wp-content\/uploads\/2024\/09\/WhatsApp-Image-2024-09-03-at-5.58.17-PM-1024x1024.jpeg 1024w, https:\/\/cultura.sma.gob.ar\/wp-content\/uploads\/2024\/09\/WhatsApp-Image-2024-09-03-at-5.58.17-PM-300x300.jpeg 300w, https:\/\/cultura.sma.gob.ar\/wp-content\/uploads\/2024\/09\/WhatsApp-Image-2024-09-03-at-5.58.17-PM-150x150.jpeg 150w, https:\/\/cultura.sma.gob.ar\/wp-content\/uploads\/2024\/09\/WhatsApp-Image-2024-09-03-at-5.58.17-PM-768x768.jpeg 768w, https:\/\/cultura.sma.gob.ar\/wp-content\/uploads\/2024\/09\/WhatsApp-Image-2024-09-03-at-5.58.17-PM-90x90.jpeg 90w, https:\/\/cultura.sma.gob.ar\/wp-content\/uploads\/2024\/09\/WhatsApp-Image-2024-09-03-at-5.58.17-PM.jpeg 1080w\" sizes=\"auto, (max-width: 1024px) 100vw, 1024px\" \/><\/figure>\n\n\n\n<p>Viernes 6 a las 18:30. Se viene la 2da parte sobre las historias de los monumentos de nuestra ciudad. Pero ahora ampliamos un poco: \u00bfqu\u00e9 mensajes nos mandaron quienes los dejaron ah\u00ed? <\/p>\n\n\n\n<p>Margarita Solli nos ayudar\u00e1 con sus apuntes, veremos algunas fotos de \u00e9stos y otros mensajes del espacio p\u00fablico. Tom\u00e1s Iglesias nos acompa\u00f1ar\u00e1 con sus ideas y trabajo de relevamiento. Concluiremos la charla con algunas preguntas para pensar juntos y una actividad-sorpresa donde vos podr\u00e1s dejar tu mensaje\u2026 <\/p>\n\n\n\n<p>Seguro que quedaremos muy manija y seguimos en el hall de entrada charlando con nuestro tradicional vinito del conversatorio, gentileza de la Biblio4.<\/p>\n","protected":false},"excerpt":{"rendered":"<p>Viernes 6 a las 18:30. Se viene la 2da parte sobre las historias de los monumentos de nuestra ciudad. Pero ahora ampliamos un poco: \u00bfqu\u00e9 mensajes nos mandaron quienes los dejaron ah\u00ed? Margarita Solli nos ayudar\u00e1 con sus apuntes, veremos algunas fotos de \u00e9stos y otros mensajes del espacio p\u00fablico. Tom\u00e1s Iglesias nos acompa\u00f1ar\u00e1 con sus ideas y trabajo de relevamiento. Concluiremos la charla con &hellip; <a href=\"https:\/\/cultura.sma.gob.ar\/?p=6034\" class=\"more-link\">Continue reading <span class=\"screen-reader-text\">Historias de los monumentos: \u00bfqu\u00e9 mensajes nos mandaron quienes los dejaron ah\u00ed? &#8211; Conversatorio BP 4 de febrero<\/span><\/a><\/p>\n","protected":false},"author":1,"featured_media":297,"comment_status":"closed","ping_status":"","sticky":false,"template":"","format":"image","meta":{"footnotes":""},"categories":[2,9],"tags":[],"class_list":["post-6034","post","type-post","status-publish","format-image","has-post-thumbnail","hentry","category-ciudad-cultural","category-ultimas-noticias","post_format-post-format-image"],"_links":{"self":[{"href":"https:\/\/cultura.sma.gob.ar\/index.php?rest_route=\/wp\/v2\/posts\/6034","targetHints":{"allow":["GET"]}}],"collection":[{"href":"https:\/\/cultura.sma.gob.ar\/index.php?rest_route=\/wp\/v2\/posts"}],"about":[{"href":"https:\/\/cultura.sma.gob.ar\/index.php?rest_route=\/wp\/v2\/types\/post"}],"author":[{"embeddable":true,"href":"https:\/\/cultura.sma.gob.ar\/index.php?rest_route=\/wp\/v2\/users\/1"}],"replies":[{"embeddable":true,"href":"https:\/\/cultura.sma.gob.ar\/index.php?rest_route=%2Fwp%2Fv2%2Fcomments&post=6034"}],"version-history":[{"count":1,"href":"https:\/\/cultura.sma.gob.ar\/index.php?rest_route=\/wp\/v2\/posts\/6034\/revisions"}],"predecessor-version":[{"id":6036,"href":"https:\/\/cultura.sma.gob.ar\/index.php?rest_route=\/wp\/v2\/posts\/6034\/revisions\/6036"}],"wp:featuredmedia":[{"embeddable":true,"href":"https:\/\/cultura.sma.gob.ar\/index.php?rest_route=\/wp\/v2\/media\/297"}],"wp:attachment":[{"href":"https:\/\/cultura.sma.gob.ar\/index.php?rest_route=%2Fwp%2Fv2%2Fmedia&parent=6034"}],"wp:term":[{"taxonomy":"category","embeddable":true,"href":"https:\/\/cultura.sma.gob.ar\/index.php?rest_route=%2Fwp%2Fv2%2Fcategories&post=6034"},{"taxonomy":"post_tag","embeddable":true,"href":"https:\/\/cultura.sma.gob.ar\/index.php?rest_route=%2Fwp%2Fv2%2Ftags&post=6034"}],"curies":[{"name":"wp","href":"https:\/\/api.w.org\/{rel}","templated":true}]}}