{"id":6030,"date":"2024-09-03T16:32:10","date_gmt":"2024-09-03T19:32:10","guid":{"rendered":"http:\/\/cultura.sma.gob.ar\/?p=6030"},"modified":"2024-09-03T16:32:10","modified_gmt":"2024-09-03T19:32:10","slug":"2o-congreso-de-patrimonio-cultural-de-san-martin-de-los-andes-esta-abierta-la-inscripcion-para-participantes-activos","status":"publish","type":"post","link":"https:\/\/cultura.sma.gob.ar\/?p=6030","title":{"rendered":"2\u00ba Congreso de Patrimonio Cultural de San Mart\u00edn de los Andes: est\u00e1 abierta la inscripci\u00f3n para &#8220;participantes activos&#8221;"},"content":{"rendered":"\n<figure class=\"wp-block-image size-large\"><img loading=\"lazy\" decoding=\"async\" width=\"1024\" height=\"1024\" src=\"https:\/\/cultura.sma.gob.ar\/wp-content\/uploads\/2024\/09\/SMA-PH0009-2o-Congreso-de-Patrimonio-Cultural_A-1x1-1-1024x1024.jpg\" alt=\"\" class=\"wp-image-6031\" srcset=\"https:\/\/cultura.sma.gob.ar\/wp-content\/uploads\/2024\/09\/SMA-PH0009-2o-Congreso-de-Patrimonio-Cultural_A-1x1-1-1024x1024.jpg 1024w, https:\/\/cultura.sma.gob.ar\/wp-content\/uploads\/2024\/09\/SMA-PH0009-2o-Congreso-de-Patrimonio-Cultural_A-1x1-1-300x300.jpg 300w, https:\/\/cultura.sma.gob.ar\/wp-content\/uploads\/2024\/09\/SMA-PH0009-2o-Congreso-de-Patrimonio-Cultural_A-1x1-1-150x150.jpg 150w, https:\/\/cultura.sma.gob.ar\/wp-content\/uploads\/2024\/09\/SMA-PH0009-2o-Congreso-de-Patrimonio-Cultural_A-1x1-1-768x768.jpg 768w, https:\/\/cultura.sma.gob.ar\/wp-content\/uploads\/2024\/09\/SMA-PH0009-2o-Congreso-de-Patrimonio-Cultural_A-1x1-1-1536x1536.jpg 1536w, https:\/\/cultura.sma.gob.ar\/wp-content\/uploads\/2024\/09\/SMA-PH0009-2o-Congreso-de-Patrimonio-Cultural_A-1x1-1-2048x2048.jpg 2048w, https:\/\/cultura.sma.gob.ar\/wp-content\/uploads\/2024\/09\/SMA-PH0009-2o-Congreso-de-Patrimonio-Cultural_A-1x1-1-90x90.jpg 90w\" sizes=\"auto, (max-width: 1024px) 100vw, 1024px\" \/><\/figure>\n\n\n\n<p>La Secretar\u00eda de Cultura, a trav\u00e9s del Departamento de Patrimonio Hist\u00f3rico y Ciencias, invita a la comunidad a participar en la programaci\u00f3n del 2\u00ba Congreso de Patrimonio Cultural de San Mart\u00edn de los Andes, que se realizar\u00e1 el 19, 20 y 21 de septiembre de 2024 en esta ciudad.<\/p>\n\n\n\n<p>La participaci\u00f3n en calidad de oyente de las ponencias y conferencias magistrales, como tambi\u00e9n en los foros de debate, es gratuita y no requiere inscripci\u00f3n previa.<\/p>\n\n\n\n<p>Quienes quieran asistir en calidad de<strong>\u00a0&#8220;participante activo&#8221;<\/strong>\u00a0deben inscribirse, hasta el d\u00eda 19 de setiembre inclusive, a trav\u00e9s del mail\u00a0<a rel=\"noreferrer noopener\" href=\"mailto:congresoculturalsma@gmail.com\" target=\"_blank\">congresoculturalsma@gmail.com<\/a>\u00a0o por tel\u00e9fono, llamando al 412306. <\/p>\n\n\n\n<p>Los participantes activos obtendr\u00e1n un\u00a0<strong>CERTIFICADO DE ASISTENCIA\u00a0<\/strong>firmado por la Secretar\u00eda de Cultura y representantes del Comit\u00e9 Acad\u00e9mico del congreso. Para esto ser\u00e1 requisito abonar un arancel de $10.000 y tener un\u00a090% de asistencia a la programaci\u00f3n del congreso. Estudiantes secundarios, terciario y universitarios que presenten certificados de estudio ser\u00e1n eximidos del pago del arancel.<\/p>\n","protected":false},"excerpt":{"rendered":"<p>La Secretar\u00eda de Cultura, a trav\u00e9s del Departamento de Patrimonio Hist\u00f3rico y Ciencias, invita a la comunidad a participar en la programaci\u00f3n del 2\u00ba Congreso de Patrimonio Cultural de San Mart\u00edn de los Andes, que se realizar\u00e1 el 19, 20 y 21 de septiembre de 2024 en esta ciudad. La participaci\u00f3n en calidad de oyente de las ponencias y conferencias magistrales, como tambi\u00e9n en los &hellip; <a href=\"https:\/\/cultura.sma.gob.ar\/?p=6030\" class=\"more-link\">Continue reading <span class=\"screen-reader-text\">2\u00ba Congreso de Patrimonio Cultural de San Mart\u00edn de los Andes: est\u00e1 abierta la inscripci\u00f3n para &#8220;participantes activos&#8221;<\/span><\/a><\/p>\n","protected":false},"author":1,"featured_media":291,"comment_status":"closed","ping_status":"","sticky":false,"template":"","format":"image","meta":{"footnotes":""},"categories":[5,9],"tags":[],"class_list":["post-6030","post","type-post","status-publish","format-image","has-post-thumbnail","hentry","category-patrimonio-cultural","category-ultimas-noticias","post_format-post-format-image"],"_links":{"self":[{"href":"https:\/\/cultura.sma.gob.ar\/index.php?rest_route=\/wp\/v2\/posts\/6030","targetHints":{"allow":["GET"]}}],"collection":[{"href":"https:\/\/cultura.sma.gob.ar\/index.php?rest_route=\/wp\/v2\/posts"}],"about":[{"href":"https:\/\/cultura.sma.gob.ar\/index.php?rest_route=\/wp\/v2\/types\/post"}],"author":[{"embeddable":true,"href":"https:\/\/cultura.sma.gob.ar\/index.php?rest_route=\/wp\/v2\/users\/1"}],"replies":[{"embeddable":true,"href":"https:\/\/cultura.sma.gob.ar\/index.php?rest_route=%2Fwp%2Fv2%2Fcomments&post=6030"}],"version-history":[{"count":1,"href":"https:\/\/cultura.sma.gob.ar\/index.php?rest_route=\/wp\/v2\/posts\/6030\/revisions"}],"predecessor-version":[{"id":6032,"href":"https:\/\/cultura.sma.gob.ar\/index.php?rest_route=\/wp\/v2\/posts\/6030\/revisions\/6032"}],"wp:featuredmedia":[{"embeddable":true,"href":"https:\/\/cultura.sma.gob.ar\/index.php?rest_route=\/wp\/v2\/media\/291"}],"wp:attachment":[{"href":"https:\/\/cultura.sma.gob.ar\/index.php?rest_route=%2Fwp%2Fv2%2Fmedia&parent=6030"}],"wp:term":[{"taxonomy":"category","embeddable":true,"href":"https:\/\/cultura.sma.gob.ar\/index.php?rest_route=%2Fwp%2Fv2%2Fcategories&post=6030"},{"taxonomy":"post_tag","embeddable":true,"href":"https:\/\/cultura.sma.gob.ar\/index.php?rest_route=%2Fwp%2Fv2%2Ftags&post=6030"}],"curies":[{"name":"wp","href":"https:\/\/api.w.org\/{rel}","templated":true}]}}