{"id":6024,"date":"2024-09-02T09:57:34","date_gmt":"2024-09-02T12:57:34","guid":{"rendered":"http:\/\/cultura.sma.gob.ar\/?p=6024"},"modified":"2024-09-09T10:19:57","modified_gmt":"2024-09-09T13:19:57","slug":"llega-el-convocante-festival-cine-a-la-vista","status":"publish","type":"post","link":"https:\/\/cultura.sma.gob.ar\/?p=6024","title":{"rendered":"Llega el convocante Festival Cine a la Vista!"},"content":{"rendered":"\n<figure class=\"wp-block-image size-large\"><img loading=\"lazy\" decoding=\"async\" width=\"724\" height=\"1024\" src=\"https:\/\/cultura.sma.gob.ar\/wp-content\/uploads\/2024\/09\/AFICHE-CALV-2024-724x1024.jpeg\" alt=\"\" class=\"wp-image-6026\" srcset=\"https:\/\/cultura.sma.gob.ar\/wp-content\/uploads\/2024\/09\/AFICHE-CALV-2024-724x1024.jpeg 724w, https:\/\/cultura.sma.gob.ar\/wp-content\/uploads\/2024\/09\/AFICHE-CALV-2024-212x300.jpeg 212w, https:\/\/cultura.sma.gob.ar\/wp-content\/uploads\/2024\/09\/AFICHE-CALV-2024-768x1086.jpeg 768w, https:\/\/cultura.sma.gob.ar\/wp-content\/uploads\/2024\/09\/AFICHE-CALV-2024-1086x1536.jpeg 1086w, https:\/\/cultura.sma.gob.ar\/wp-content\/uploads\/2024\/09\/AFICHE-CALV-2024-64x90.jpeg 64w, https:\/\/cultura.sma.gob.ar\/wp-content\/uploads\/2024\/09\/AFICHE-CALV-2024.jpeg 1131w\" sizes=\"auto, (max-width: 724px) 100vw, 724px\" \/><\/figure>\n\n\n\n<p>Del <strong>9 al 18 de septiembre<\/strong>, en la ciudad de San Mart\u00edn de los Andes, j\u00f3venes y adolescentes de distintas provincias de Argentina y de pa\u00edses vecinos se reunir\u00e1n para participar de la novena edici\u00f3n del <strong>Festival Internacional de Cine para Adolescentes: Cine a la Vista!<\/strong> en el <strong>Centro Cultural Cotesma<\/strong>. Este festival se caracteriza porque los j\u00f3venes y adolescentes son el jurado de las pel\u00edculas en competencia y el p\u00fablico general podr\u00e1 ver una variada selecci\u00f3n de pel\u00edculas nacionales e internacionales. En estas jornadas se desarrollar\u00e1n encuentros, debates y diversas actividades a partir de compartir y vincularse con el arte audiovisual.&nbsp;<\/p>\n\n\n\n<p>Como en cada edici\u00f3n, Cine a la Vista! presenta pel\u00edculas diversas con el objetivo que tanto adolescentes, j\u00f3venes y adultes puedan vivir la experiencia de reflexionar, imaginar, emocionarse y divertirse a trav\u00e9s del arte cinematogr\u00e1fico.&nbsp;<\/p>\n\n\n\n<p>Si bien las personas interesadas pueden consultar el cronograma diario, las sinopsis y trailers de las pel\u00edculas en la p\u00e1gina web del Festival www.cinealavista.com, aqu\u00ed dejamos una lista de los t\u00edtulos seleccionados y en competencia para esta edici\u00f3n:<\/p>\n\n\n\n<p><strong>Pel\u00edculas nacionales<\/strong><\/p>\n\n\n\n<p>&#8211; Camino el \u00e9xito<\/p>\n\n\n\n<p>&#8211; Los Tonos mayores<\/p>\n\n\n\n<p>&#8211; Parti\u00f3 de m\u00ed un barco llev\u00e1ndome (Argentina \/ Singapur)<\/p>\n\n\n\n<p>&#8211; Paula<\/p>\n\n\n\n<p>&#8211; Pibas superpoderosas<\/p>\n\n\n\n<p>&#8211; Reas<\/p>\n\n\n\n<p>&#8211; Sublime<\/p>\n\n\n\n<p>&#8211; Alemania<\/p>\n\n\n\n<p><strong>Pel\u00edculas internacionales<\/strong><\/p>\n\n\n\n<p>&#8211; Saudade fez morada aqui dentro (Brasil)<\/p>\n\n\n\n<p>&#8211; Aftersun (Reino Unido y EEUU)<\/p>\n\n\n\n<p>&#8211; Jippie no more (Pa\u00edses Bajos)<\/p>\n\n\n\n<p>&#8211; Peafowl (Corea)<\/p>\n\n\n\n<p>&#8211; Petites (Francia)<\/p>\n\n\n\n<p>&#8211; Photophobia (Ucrania)<\/p>\n\n\n\n<p>&#8211; Scary friend (Jap\u00f3n)<\/p>\n\n\n\n<p>&#8211; Tengo sue\u00f1os el\u00e9ctricos (Costa Rica, B\u00e9lgica y Francia)<\/p>\n\n\n\n<figure class=\"wp-block-image size-large\"><img loading=\"lazy\" decoding=\"async\" width=\"1024\" height=\"724\" src=\"http:\/\/cultura.sma.gob.ar\/wp-content\/uploads\/2024\/09\/WhatsApp-Image-2024-09-09-at-10.10.42-AM-1024x724.jpeg\" alt=\"\" class=\"wp-image-6046\" srcset=\"https:\/\/cultura.sma.gob.ar\/wp-content\/uploads\/2024\/09\/WhatsApp-Image-2024-09-09-at-10.10.42-AM-1024x724.jpeg 1024w, https:\/\/cultura.sma.gob.ar\/wp-content\/uploads\/2024\/09\/WhatsApp-Image-2024-09-09-at-10.10.42-AM-300x212.jpeg 300w, https:\/\/cultura.sma.gob.ar\/wp-content\/uploads\/2024\/09\/WhatsApp-Image-2024-09-09-at-10.10.42-AM-768x543.jpeg 768w, https:\/\/cultura.sma.gob.ar\/wp-content\/uploads\/2024\/09\/WhatsApp-Image-2024-09-09-at-10.10.42-AM-127x90.jpeg 127w, https:\/\/cultura.sma.gob.ar\/wp-content\/uploads\/2024\/09\/WhatsApp-Image-2024-09-09-at-10.10.42-AM.jpeg 1280w\" sizes=\"auto, (max-width: 1024px) 100vw, 1024px\" \/><\/figure>\n\n\n\n<p>En la secci\u00f3n de cortometrajes en competencia realizados por adolescentes se proyectar\u00e1n pel\u00edculas de Argentina (R\u00edo Negro, Buenos Aires, Chaco), Corea, Espa\u00f1a y Chile.&nbsp;<\/p>\n\n\n\n<p>Mientras que en la Muestra paralela, fuera de competencia, se proyectar\u00e1n documentales y una ficci\u00f3n basada en hechos reales con la tem\u00e1tica de la violencia institucional y la reivindicaci\u00f3n de la memoria y los derechos humanos:&nbsp; \u201cPa\u00f1uelos para la Historia\u201d, \u201cCaminemos Valentina\u201d y \u201cUn jard\u00edn para Pich\u00f3n\u201d, tambi\u00e9n habr\u00e1 cortos y largometrajes en la Muestra de Cine Regional y una selecci\u00f3n de pel\u00edculas del Festival Internacional de Cine y las Artes Ind\u00edgenas y Afrodescendientes en Wallmapu: FICWallmapu y del Festival Internacional de terror, ciencia ficci\u00f3n, bizarro y fant\u00e1stico de El Bols\u00f3n: Nieve Roja.<\/p>\n\n\n\n<p>Les esperamos para disfrutar de las proyecciones en Centro Cultural Cotesma, con entrada general: 2000 pesos, estudiantes y jubilades 1000 pesos.<\/p>\n\n\n\n<p>El pago se realiza mediante cr\u00e9dito, d\u00e9bito o QR, no en efectivo. Para mayor informaci\u00f3n y consultas pueden visitar la web del Festival&nbsp; www.cinealavista.com y nuestras redes sociales @festivalcinealavista .<\/p>\n","protected":false},"excerpt":{"rendered":"<p>Del 9 al 18 de septiembre, en la ciudad de San Mart\u00edn de los Andes, j\u00f3venes y adolescentes de distintas provincias de Argentina y de pa\u00edses vecinos se reunir\u00e1n para participar de la novena edici\u00f3n del Festival Internacional de Cine para Adolescentes: Cine a la Vista! en el Centro Cultural Cotesma. Este festival se caracteriza porque los j\u00f3venes y adolescentes son el jurado de las &hellip; <a href=\"https:\/\/cultura.sma.gob.ar\/?p=6024\" class=\"more-link\">Continue reading <span class=\"screen-reader-text\">Llega el convocante Festival Cine a la Vista!<\/span><\/a><\/p>\n","protected":false},"author":1,"featured_media":297,"comment_status":"closed","ping_status":"","sticky":false,"template":"","format":"image","meta":{"footnotes":""},"categories":[2,9],"tags":[],"class_list":["post-6024","post","type-post","status-publish","format-image","has-post-thumbnail","hentry","category-ciudad-cultural","category-ultimas-noticias","post_format-post-format-image"],"_links":{"self":[{"href":"https:\/\/cultura.sma.gob.ar\/index.php?rest_route=\/wp\/v2\/posts\/6024","targetHints":{"allow":["GET"]}}],"collection":[{"href":"https:\/\/cultura.sma.gob.ar\/index.php?rest_route=\/wp\/v2\/posts"}],"about":[{"href":"https:\/\/cultura.sma.gob.ar\/index.php?rest_route=\/wp\/v2\/types\/post"}],"author":[{"embeddable":true,"href":"https:\/\/cultura.sma.gob.ar\/index.php?rest_route=\/wp\/v2\/users\/1"}],"replies":[{"embeddable":true,"href":"https:\/\/cultura.sma.gob.ar\/index.php?rest_route=%2Fwp%2Fv2%2Fcomments&post=6024"}],"version-history":[{"count":2,"href":"https:\/\/cultura.sma.gob.ar\/index.php?rest_route=\/wp\/v2\/posts\/6024\/revisions"}],"predecessor-version":[{"id":6047,"href":"https:\/\/cultura.sma.gob.ar\/index.php?rest_route=\/wp\/v2\/posts\/6024\/revisions\/6047"}],"wp:featuredmedia":[{"embeddable":true,"href":"https:\/\/cultura.sma.gob.ar\/index.php?rest_route=\/wp\/v2\/media\/297"}],"wp:attachment":[{"href":"https:\/\/cultura.sma.gob.ar\/index.php?rest_route=%2Fwp%2Fv2%2Fmedia&parent=6024"}],"wp:term":[{"taxonomy":"category","embeddable":true,"href":"https:\/\/cultura.sma.gob.ar\/index.php?rest_route=%2Fwp%2Fv2%2Fcategories&post=6024"},{"taxonomy":"post_tag","embeddable":true,"href":"https:\/\/cultura.sma.gob.ar\/index.php?rest_route=%2Fwp%2Fv2%2Ftags&post=6024"}],"curies":[{"name":"wp","href":"https:\/\/api.w.org\/{rel}","templated":true}]}}