{"id":6013,"date":"2024-08-26T16:07:48","date_gmt":"2024-08-26T19:07:48","guid":{"rendered":"http:\/\/cultura.sma.gob.ar\/?p=6013"},"modified":"2024-08-26T16:07:48","modified_gmt":"2024-08-26T19:07:48","slug":"paso-una-nueva-edicion-de-la-fiesta-nacional-del-montanes","status":"publish","type":"post","link":"https:\/\/cultura.sma.gob.ar\/?p=6013","title":{"rendered":"Pas\u00f3 una nueva edici\u00f3n de la Fiesta Nacional del Monta\u00f1\u00e9s"},"content":{"rendered":"\n<figure class=\"wp-block-image size-large\"><img loading=\"lazy\" decoding=\"async\" width=\"1024\" height=\"683\" src=\"https:\/\/cultura.sma.gob.ar\/wp-content\/uploads\/2024\/08\/457165209_898672792291084_775704643599822179_n-1024x683.jpg\" alt=\"\" class=\"wp-image-6014\" srcset=\"https:\/\/cultura.sma.gob.ar\/wp-content\/uploads\/2024\/08\/457165209_898672792291084_775704643599822179_n-1024x683.jpg 1024w, https:\/\/cultura.sma.gob.ar\/wp-content\/uploads\/2024\/08\/457165209_898672792291084_775704643599822179_n-300x200.jpg 300w, https:\/\/cultura.sma.gob.ar\/wp-content\/uploads\/2024\/08\/457165209_898672792291084_775704643599822179_n-768x512.jpg 768w, https:\/\/cultura.sma.gob.ar\/wp-content\/uploads\/2024\/08\/457165209_898672792291084_775704643599822179_n-1536x1024.jpg 1536w, https:\/\/cultura.sma.gob.ar\/wp-content\/uploads\/2024\/08\/457165209_898672792291084_775704643599822179_n-135x90.jpg 135w, https:\/\/cultura.sma.gob.ar\/wp-content\/uploads\/2024\/08\/457165209_898672792291084_775704643599822179_n.jpg 2048w\" sizes=\"auto, (max-width: 1024px) 100vw, 1024px\" \/><\/figure>\n\n\n\n<p>La Fiesta Nacional Del Monta\u00f1\u00e9s es una tradici\u00f3n de nuestro pueblo que se celebra desde el a\u00f1o 1981, para rendir homenaje a nuestra cultura y a nuestros paisajes, pero principalmente a los que nos sentimos parte de la monta\u00f1a.<\/p>\n\n\n\n<p>Desde las 13hs de este domingo 25 de agosto, fecha que dio cierre a la Fiesta, vecinos y visitantes pudieron disfrutar del esperado concurso de hacheros, hacheras, hacheritos, motosierras y sierra corvina. Casi 40 participantes demostraron su destreza en esta edici\u00f3n, en su mayor\u00eda, oriundos de San Mart\u00edn de los Andes y de parajes cercanos, pero tambi\u00e9n algunos llegados de Bariloche, de El manso y de El Bols\u00f3n.<\/p>\n\n\n\n<figure class=\"wp-block-image size-large\"><img loading=\"lazy\" decoding=\"async\" width=\"1024\" height=\"684\" src=\"https:\/\/cultura.sma.gob.ar\/wp-content\/uploads\/2024\/08\/457165217_898674805624216_7629438031515178967_n-1024x684.jpg\" alt=\"\" class=\"wp-image-6015\" srcset=\"https:\/\/cultura.sma.gob.ar\/wp-content\/uploads\/2024\/08\/457165217_898674805624216_7629438031515178967_n-1024x684.jpg 1024w, https:\/\/cultura.sma.gob.ar\/wp-content\/uploads\/2024\/08\/457165217_898674805624216_7629438031515178967_n-300x200.jpg 300w, https:\/\/cultura.sma.gob.ar\/wp-content\/uploads\/2024\/08\/457165217_898674805624216_7629438031515178967_n-768x513.jpg 768w, https:\/\/cultura.sma.gob.ar\/wp-content\/uploads\/2024\/08\/457165217_898674805624216_7629438031515178967_n-1536x1025.jpg 1536w, https:\/\/cultura.sma.gob.ar\/wp-content\/uploads\/2024\/08\/457165217_898674805624216_7629438031515178967_n-135x90.jpg 135w, https:\/\/cultura.sma.gob.ar\/wp-content\/uploads\/2024\/08\/457165217_898674805624216_7629438031515178967_n.jpg 2048w\" sizes=\"auto, (max-width: 1024px) 100vw, 1024px\" \/><\/figure>\n\n\n\n<p>Los podios de todas las categor\u00edas quedaron conformados de la siguiente forma:<\/p>\n\n\n\n<p><strong>Sierra Corvina:\u00a0<\/strong><\/p>\n\n\n\n<p>Francisco Concha \u2013 Imanol Mariqueo \u2013 Tiempo 2\u201918<\/p>\n\n\n\n<p>V\u00edctor Garnica \u2013 Emilio Hern\u00e1ndez \u2013 Tiempo 2\u201928<\/p>\n\n\n\n<p>Vanina Namuncur\u00e1 \u2013 Segundo Curruhuinca&nbsp;<\/p>\n\n\n\n<p><strong>Motosierra:<\/strong><\/p>\n\n\n\n<p>Braian Ordenez \u2013 Tiempo 2\u201908\u201d<\/p>\n\n\n\n<p>Imanol Mariqueo \u2013 Tiempo 2\u00b411\u201d<\/p>\n\n\n\n<p>Edgar Cifuentes \u2013 Tiempo 2\u00b419\u201d<\/p>\n\n\n\n<p><strong>Hacheras:<\/strong><\/p>\n\n\n\n<p>Micaela M\u00e9ndez (San Mart\u00edn de los Andes) \u2013 Tiempo 7\u201913\u201d<\/p>\n\n\n\n<p>Ang\u00e9lica Bergara (Bariloche) \u2013 Tiempo 8\u201929\u201d<\/p>\n\n\n\n<p>Rosa Monsalbe (El Manso) \u2013 Tiempo 9\u201940\u201d<\/p>\n\n\n\n<p><strong>Hacheritos:<\/strong><\/p>\n\n\n\n<p>Lucas Alejandro Figueroa (Bariloche) \u2013 Tiempo 7\u201919<\/p>\n\n\n\n<p>Jos\u00e9 Marko Curruhuinca (Quila Quina) \u2013 Tiempo 9\u00b401<\/p>\n\n\n\n<p>Guillermo Dom\u00ednguez (Puente Blanco) \u2013 Tiempo 10\u201901<\/p>\n\n\n\n<p><strong>Hacheros:<\/strong><\/p>\n\n\n\n<p>Alejandro Concha (San Mart\u00edn de los Andes9 \u2013 Tiempo 16\u201903<\/p>\n\n\n\n<p>Osvaldo Sandoval (San Mart\u00edn de los Andes) \u2013 Tiempo 16\u201933\u201d<\/p>\n\n\n\n<p>Pedro Oyarzo (El Bols\u00f3n) \u2013 Tiempo 20\u201940\u201d<\/p>\n\n\n\n<p>Durante la competencia, el grupo de Croquiseros Urbanos de nuestra ciudad estuvo presente registrando momentos con sus l\u00e1pices y pinceles. Luego, adem\u00e1s, hubo chocolate caliente y tortafritas para acompa\u00f1ar el atardecer.<\/p>\n\n\n\n<p>A continuaci\u00f3n, luego de haber disfrutado de la ceremonia de premiaci\u00f3n, los presentes pudieron disfrutar del emotivo desfile del monta\u00f1\u00e9s, del cual participaron: el Regimiento de Caballer\u00eda de Exploraci\u00f3n de Monta\u00f1a 4; Gendarmer\u00eda \u2013 Escuadr\u00f3n 33; el Parque Nacional Lan\u00edn; el Grupo Scout &#8211; Nieves del Pehu\u00e9n; el Club Neuquino de Esqu\u00ed; Hualas \u2013 Escuela de Monta\u00f1a; el Club Andino Jun\u00edn de los Andes; el Club L\u00e1car; y el Cerro Chapelco, con sus antorchas encendidas. La Fanfarria Militar &#8220;El Hinojal&#8221; dio inicio al desfile del Monta\u00f1\u00e9s, toc\u00f3 durante todo el evento e hizo el cierre excediendo lo esperado por todos los presentes.<\/p>\n\n\n\n<p>Luego, cerca de las 19hs, se realiz\u00f3 el sorteo de la Toyota Hilux 4&#215;4, gracias a un convenio firmado entre Instituto de Juegos de Azar del Neuqu\u00e9n (IJAN) y la Municipalidad de San Mart\u00edn de los Andes, con la participaci\u00f3n de NIPPON CAR, el Banco de la Provincia del Neuqu\u00e9n y ECyDENSE. Lo recaudado en este sorteo servir\u00e1 para financiar la 43\u00aa Fiesta Nacional del Monta\u00f1\u00e9s y comprar sillas y equipos t\u00e9cnicos para el Teatro San Jos\u00e9.<\/p>\n\n\n\n<p>Este a\u00f1o, en su 43\u00b0 edici\u00f3n, contamos con el acompa\u00f1amiento del Gobierno de la Provincia del Neuqu\u00e9n; la Legislatura del Neuqu\u00e9n y&nbsp; Complejo Casa de Las Leyes, el Instituto de Juegos de Azar del Neuqu\u00e9n y ECyDENSE; el Sindicato de Obreros y Empleados de la Industria Maderera del Neuqu\u00e9n; Nippon Car; Corfone S.A.; Estancia Quechuquina; Oiz Forestal; Stihl; el Grupo Scout Nieves del Pehuen; y la Asociaci\u00f3n Deportiva Cultural L\u00e1car.<\/p>\n\n\n\n<p>Estuvieron presentes durante todo el evento: la vicegobernadora de Neuqu\u00e9n, Gloria Ruiz; la ministra de Desarrollo Humano, Gobiernos Locales y Mujeres, Julieta Corroza y el presidente del Instituto de Juegos de Azar de Neuqu\u00e9n (Ijan), Ra\u00fal Bettiga. Tambi\u00e9n asistieron funcionarios de Loter\u00eda del Neuqu\u00e9n y de la Legislatura provincial; el coordinador de la Casa de las Leyes, Pablo Ruiz; y el diputado provincial Gerardo Guti\u00e9rrez; Natalia Vita, presidenta Concejo Deliberante; Eliana Rivera, delegada de la regi\u00f3n sur del gobierno provincial; y Nicol\u00e1s Perebroisin, Director Provincial de Ecydense; la presidente del Parque Nacional Lanin Monin Aquin; y concejales de nuestra ciudad. El intendente, Carlos Saloniti, estuvo acompa\u00f1ado del gabinete municipal. Tambi\u00e9n fueron parte de la fiesta los vecinos Leticia Lema, Yolanda Curruhuinca y Eberardo Hoepke, quien dio las se\u00f1ales de partida, alent\u00f3 a los participantes y particip\u00f3 de la premiaci\u00f3n.<\/p>\n\n\n\n<p>Encontr\u00e1 el \u00e1lbum completo de <a href=\"https:\/\/www.facebook.com\/media\/set\/?vanity=cultura.sma&amp;set=a.898676572290706&amp;locale=es_LA\">fotos en este link<\/a><\/p>\n","protected":false},"excerpt":{"rendered":"<p>La Fiesta Nacional Del Monta\u00f1\u00e9s es una tradici\u00f3n de nuestro pueblo que se celebra desde el a\u00f1o 1981, para rendir homenaje a nuestra cultura y a nuestros paisajes, pero principalmente a los que nos sentimos parte de la monta\u00f1a. Desde las 13hs de este domingo 25 de agosto, fecha que dio cierre a la Fiesta, vecinos y visitantes pudieron disfrutar del esperado concurso de hacheros, &hellip; <a href=\"https:\/\/cultura.sma.gob.ar\/?p=6013\" class=\"more-link\">Continue reading <span class=\"screen-reader-text\">Pas\u00f3 una nueva edici\u00f3n de la Fiesta Nacional del Monta\u00f1\u00e9s<\/span><\/a><\/p>\n","protected":false},"author":1,"featured_media":296,"comment_status":"closed","ping_status":"","sticky":false,"template":"","format":"image","meta":{"footnotes":""},"categories":[3,9],"tags":[],"class_list":["post-6013","post","type-post","status-publish","format-image","has-post-thumbnail","hentry","category-eventos-cultura","category-ultimas-noticias","post_format-post-format-image"],"_links":{"self":[{"href":"https:\/\/cultura.sma.gob.ar\/index.php?rest_route=\/wp\/v2\/posts\/6013","targetHints":{"allow":["GET"]}}],"collection":[{"href":"https:\/\/cultura.sma.gob.ar\/index.php?rest_route=\/wp\/v2\/posts"}],"about":[{"href":"https:\/\/cultura.sma.gob.ar\/index.php?rest_route=\/wp\/v2\/types\/post"}],"author":[{"embeddable":true,"href":"https:\/\/cultura.sma.gob.ar\/index.php?rest_route=\/wp\/v2\/users\/1"}],"replies":[{"embeddable":true,"href":"https:\/\/cultura.sma.gob.ar\/index.php?rest_route=%2Fwp%2Fv2%2Fcomments&post=6013"}],"version-history":[{"count":1,"href":"https:\/\/cultura.sma.gob.ar\/index.php?rest_route=\/wp\/v2\/posts\/6013\/revisions"}],"predecessor-version":[{"id":6016,"href":"https:\/\/cultura.sma.gob.ar\/index.php?rest_route=\/wp\/v2\/posts\/6013\/revisions\/6016"}],"wp:featuredmedia":[{"embeddable":true,"href":"https:\/\/cultura.sma.gob.ar\/index.php?rest_route=\/wp\/v2\/media\/296"}],"wp:attachment":[{"href":"https:\/\/cultura.sma.gob.ar\/index.php?rest_route=%2Fwp%2Fv2%2Fmedia&parent=6013"}],"wp:term":[{"taxonomy":"category","embeddable":true,"href":"https:\/\/cultura.sma.gob.ar\/index.php?rest_route=%2Fwp%2Fv2%2Fcategories&post=6013"},{"taxonomy":"post_tag","embeddable":true,"href":"https:\/\/cultura.sma.gob.ar\/index.php?rest_route=%2Fwp%2Fv2%2Ftags&post=6013"}],"curies":[{"name":"wp","href":"https:\/\/api.w.org\/{rel}","templated":true}]}}