{"id":601,"date":"2020-11-04T23:57:17","date_gmt":"2020-11-05T02:57:17","guid":{"rendered":"http:\/\/cultura.sma.gob.ar\/?p=601"},"modified":"2020-11-05T12:54:00","modified_gmt":"2020-11-05T15:54:00","slug":"gabby-de-cicco-14-feria-regional-del-libro","status":"publish","type":"post","link":"https:\/\/cultura.sma.gob.ar\/?p=601","title":{"rendered":"Gabby De Cicco | 14\u00b0 Feria Regional del Libro"},"content":{"rendered":"\n<figure class=\"wp-block-image size-large\"><img loading=\"lazy\" decoding=\"async\" width=\"783\" height=\"783\" src=\"http:\/\/cultura.sma.gob.ar\/wp-content\/uploads\/2020\/11\/gaby-de-chicc.png\" alt=\"\" class=\"wp-image-632\" srcset=\"https:\/\/cultura.sma.gob.ar\/wp-content\/uploads\/2020\/11\/gaby-de-chicc.png 783w, https:\/\/cultura.sma.gob.ar\/wp-content\/uploads\/2020\/11\/gaby-de-chicc-300x300.png 300w, https:\/\/cultura.sma.gob.ar\/wp-content\/uploads\/2020\/11\/gaby-de-chicc-150x150.png 150w, https:\/\/cultura.sma.gob.ar\/wp-content\/uploads\/2020\/11\/gaby-de-chicc-768x768.png 768w, https:\/\/cultura.sma.gob.ar\/wp-content\/uploads\/2020\/11\/gaby-de-chicc-90x90.png 90w\" sizes=\"auto, (max-width: 783px) 100vw, 783px\" \/><\/figure>\n\n\n\n<p>Por <strong>ISFD N\u00b03<\/strong><\/p>\n\n\n\n<ul class=\"wp-block-list\"><li>Jueves 12 &#8211; 17:15hs &#8211; Presentaci\u00f3n v\u00eda Zoom<\/li><\/ul>\n\n\n\n<p>En \u201cTransg\u00e9nica\u201d, Gabby compila seis libros editados y uno in\u00e9dito de sus treinta y dos a\u00f1os de carrera literaria.<\/p>\n\n\n\n<p><strong>Gabby De Cicco<\/strong> (Rosario, 1965) se describe como un ex poeta no binarie lesbo feminista intersex.&nbsp;Su lema es \u201clo personal-po\u00e9tico es pol\u00edtico\u201d.&nbsp;<\/p>\n\n\n\n<p>Public\u00f3 siete libros de poemas: \u201cBebo de mis manos el delirio\u201d (1987), \u201cJazz me blues\u201d (1989), \u201cLa duraci\u00f3n\u201d (1994), \u201cDiario de estos d\u00edas\u201d (1998), \u201cQueerland\u201d (2011), \u201cLa tierra de los mil caballos\u201d (2016) y \u201cTransg\u00e9nica &#8211; Obra reunida\u201d (2019), los dos \u00faltimos con Baltasara Editora.<\/p>\n\n\n\n<p>Public\u00f3 art\u00edculos en Feminaria, Debate Feminista, Enlaces de AWID, Democracia Abierta, en el suplemento Soy de P\u00e1gina 12 y en los suplementos culturales de los diarios La Capital y El Litoral.<\/p>\n","protected":false},"excerpt":{"rendered":"<p>Presentaci\u00f3n virtual <a href=\"https:\/\/cultura.sma.gob.ar\/?p=601\" class=\"more-link\">Continue reading <span class=\"screen-reader-text\">Gabby De Cicco | 14\u00b0 Feria Regional del Libro<\/span><\/a><\/p>\n","protected":false},"author":1,"featured_media":296,"comment_status":"closed","ping_status":"","sticky":false,"template":"","format":"image","meta":{"footnotes":""},"categories":[3,9],"tags":[],"class_list":["post-601","post","type-post","status-publish","format-image","has-post-thumbnail","hentry","category-eventos-cultura","category-ultimas-noticias","post_format-post-format-image"],"_links":{"self":[{"href":"https:\/\/cultura.sma.gob.ar\/index.php?rest_route=\/wp\/v2\/posts\/601","targetHints":{"allow":["GET"]}}],"collection":[{"href":"https:\/\/cultura.sma.gob.ar\/index.php?rest_route=\/wp\/v2\/posts"}],"about":[{"href":"https:\/\/cultura.sma.gob.ar\/index.php?rest_route=\/wp\/v2\/types\/post"}],"author":[{"embeddable":true,"href":"https:\/\/cultura.sma.gob.ar\/index.php?rest_route=\/wp\/v2\/users\/1"}],"replies":[{"embeddable":true,"href":"https:\/\/cultura.sma.gob.ar\/index.php?rest_route=%2Fwp%2Fv2%2Fcomments&post=601"}],"version-history":[{"count":2,"href":"https:\/\/cultura.sma.gob.ar\/index.php?rest_route=\/wp\/v2\/posts\/601\/revisions"}],"predecessor-version":[{"id":633,"href":"https:\/\/cultura.sma.gob.ar\/index.php?rest_route=\/wp\/v2\/posts\/601\/revisions\/633"}],"wp:featuredmedia":[{"embeddable":true,"href":"https:\/\/cultura.sma.gob.ar\/index.php?rest_route=\/wp\/v2\/media\/296"}],"wp:attachment":[{"href":"https:\/\/cultura.sma.gob.ar\/index.php?rest_route=%2Fwp%2Fv2%2Fmedia&parent=601"}],"wp:term":[{"taxonomy":"category","embeddable":true,"href":"https:\/\/cultura.sma.gob.ar\/index.php?rest_route=%2Fwp%2Fv2%2Fcategories&post=601"},{"taxonomy":"post_tag","embeddable":true,"href":"https:\/\/cultura.sma.gob.ar\/index.php?rest_route=%2Fwp%2Fv2%2Ftags&post=601"}],"curies":[{"name":"wp","href":"https:\/\/api.w.org\/{rel}","templated":true}]}}