{"id":6006,"date":"2024-08-21T15:47:22","date_gmt":"2024-08-21T18:47:22","guid":{"rendered":"http:\/\/cultura.sma.gob.ar\/?p=6006"},"modified":"2024-08-21T15:47:22","modified_gmt":"2024-08-21T18:47:22","slug":"se-viene-la-37o-edicion-del-tremn-tahuen-en-cutral-co-inscripciones","status":"publish","type":"post","link":"https:\/\/cultura.sma.gob.ar\/?p=6006","title":{"rendered":"Se viene la 37\u00ba edici\u00f3n del Tremn Tahuen en Cutral Co &#8211; Inscripciones"},"content":{"rendered":"\n<figure class=\"wp-block-image size-large\"><img loading=\"lazy\" decoding=\"async\" width=\"576\" height=\"1024\" src=\"https:\/\/cultura.sma.gob.ar\/wp-content\/uploads\/2024\/08\/WhatsApp-Image-2024-08-21-at-12.05.24-PM-576x1024.jpeg\" alt=\"\" class=\"wp-image-6007\" srcset=\"https:\/\/cultura.sma.gob.ar\/wp-content\/uploads\/2024\/08\/WhatsApp-Image-2024-08-21-at-12.05.24-PM-576x1024.jpeg 576w, https:\/\/cultura.sma.gob.ar\/wp-content\/uploads\/2024\/08\/WhatsApp-Image-2024-08-21-at-12.05.24-PM-169x300.jpeg 169w, https:\/\/cultura.sma.gob.ar\/wp-content\/uploads\/2024\/08\/WhatsApp-Image-2024-08-21-at-12.05.24-PM-768x1366.jpeg 768w, https:\/\/cultura.sma.gob.ar\/wp-content\/uploads\/2024\/08\/WhatsApp-Image-2024-08-21-at-12.05.24-PM-864x1536.jpeg 864w, https:\/\/cultura.sma.gob.ar\/wp-content\/uploads\/2024\/08\/WhatsApp-Image-2024-08-21-at-12.05.24-PM-51x90.jpeg 51w, https:\/\/cultura.sma.gob.ar\/wp-content\/uploads\/2024\/08\/WhatsApp-Image-2024-08-21-at-12.05.24-PM.jpeg 899w\" sizes=\"auto, (max-width: 576px) 100vw, 576px\" \/><\/figure>\n\n\n\n<p>Se abre esta oportunidad de participar de la 37\u00ba edici\u00f3n del Tremn Tahuen en Cutral Co, en noviembre de este a\u00f1o!<\/p>\n\n\n\n<p>El selectivo de las zonas centro y sur, se va a realizar en Alumin\u00e9, el 8 de septiembre desde las 14 hs, en el SAF N\u00ba 1.<\/p>\n\n\n\n<p>A trav\u00e9s de este link te podes inscribir: https:\/\/forms.gle\/F5RaCpDmXMpS2Zax5<\/p>\n\n\n\n<p>Y por cualquier consulta tambi\u00e9n te podes acercar a la oficina de la casa de la cultura, o por tel\u00e9fono al (2942)662353<\/p>\n","protected":false},"excerpt":{"rendered":"<p>Se abre esta oportunidad de participar de la 37\u00ba edici\u00f3n del Tremn Tahuen en Cutral Co, en noviembre de este a\u00f1o! El selectivo de las zonas centro y sur, se va a realizar en Alumin\u00e9, el 8 de septiembre desde las 14 hs, en el SAF N\u00ba 1. A trav\u00e9s de este link te podes inscribir: https:\/\/forms.gle\/F5RaCpDmXMpS2Zax5 Y por cualquier consulta tambi\u00e9n te podes acercar &hellip; <a href=\"https:\/\/cultura.sma.gob.ar\/?p=6006\" class=\"more-link\">Continue reading <span class=\"screen-reader-text\">Se viene la 37\u00ba edici\u00f3n del Tremn Tahuen en Cutral Co &#8211; Inscripciones<\/span><\/a><\/p>\n","protected":false},"author":1,"featured_media":297,"comment_status":"closed","ping_status":"","sticky":false,"template":"","format":"image","meta":{"footnotes":""},"categories":[2,9],"tags":[],"class_list":["post-6006","post","type-post","status-publish","format-image","has-post-thumbnail","hentry","category-ciudad-cultural","category-ultimas-noticias","post_format-post-format-image"],"_links":{"self":[{"href":"https:\/\/cultura.sma.gob.ar\/index.php?rest_route=\/wp\/v2\/posts\/6006","targetHints":{"allow":["GET"]}}],"collection":[{"href":"https:\/\/cultura.sma.gob.ar\/index.php?rest_route=\/wp\/v2\/posts"}],"about":[{"href":"https:\/\/cultura.sma.gob.ar\/index.php?rest_route=\/wp\/v2\/types\/post"}],"author":[{"embeddable":true,"href":"https:\/\/cultura.sma.gob.ar\/index.php?rest_route=\/wp\/v2\/users\/1"}],"replies":[{"embeddable":true,"href":"https:\/\/cultura.sma.gob.ar\/index.php?rest_route=%2Fwp%2Fv2%2Fcomments&post=6006"}],"version-history":[{"count":1,"href":"https:\/\/cultura.sma.gob.ar\/index.php?rest_route=\/wp\/v2\/posts\/6006\/revisions"}],"predecessor-version":[{"id":6008,"href":"https:\/\/cultura.sma.gob.ar\/index.php?rest_route=\/wp\/v2\/posts\/6006\/revisions\/6008"}],"wp:featuredmedia":[{"embeddable":true,"href":"https:\/\/cultura.sma.gob.ar\/index.php?rest_route=\/wp\/v2\/media\/297"}],"wp:attachment":[{"href":"https:\/\/cultura.sma.gob.ar\/index.php?rest_route=%2Fwp%2Fv2%2Fmedia&parent=6006"}],"wp:term":[{"taxonomy":"category","embeddable":true,"href":"https:\/\/cultura.sma.gob.ar\/index.php?rest_route=%2Fwp%2Fv2%2Fcategories&post=6006"},{"taxonomy":"post_tag","embeddable":true,"href":"https:\/\/cultura.sma.gob.ar\/index.php?rest_route=%2Fwp%2Fv2%2Ftags&post=6006"}],"curies":[{"name":"wp","href":"https:\/\/api.w.org\/{rel}","templated":true}]}}