{"id":6001,"date":"2024-08-21T15:42:29","date_gmt":"2024-08-21T18:42:29","guid":{"rendered":"http:\/\/cultura.sma.gob.ar\/?p=6001"},"modified":"2024-08-21T15:42:29","modified_gmt":"2024-08-21T18:42:29","slug":"este-sabado-en-la-biblioteca-popular-la-cascada-se-festeja-el-dia-de-los-lectores","status":"publish","type":"post","link":"https:\/\/cultura.sma.gob.ar\/?p=6001","title":{"rendered":"Este s\u00e1bado en la Biblioteca Popular La Cascada se festeja el d\u00eda de los lectores"},"content":{"rendered":"\n<figure class=\"wp-block-image size-large\"><img loading=\"lazy\" decoding=\"async\" width=\"1024\" height=\"1024\" src=\"https:\/\/cultura.sma.gob.ar\/wp-content\/uploads\/2024\/08\/WhatsApp-Image-2024-08-21-at-2.03.45-PM-1024x1024.jpeg\" alt=\"\" class=\"wp-image-6002\" srcset=\"https:\/\/cultura.sma.gob.ar\/wp-content\/uploads\/2024\/08\/WhatsApp-Image-2024-08-21-at-2.03.45-PM-1024x1024.jpeg 1024w, https:\/\/cultura.sma.gob.ar\/wp-content\/uploads\/2024\/08\/WhatsApp-Image-2024-08-21-at-2.03.45-PM-300x300.jpeg 300w, https:\/\/cultura.sma.gob.ar\/wp-content\/uploads\/2024\/08\/WhatsApp-Image-2024-08-21-at-2.03.45-PM-150x150.jpeg 150w, https:\/\/cultura.sma.gob.ar\/wp-content\/uploads\/2024\/08\/WhatsApp-Image-2024-08-21-at-2.03.45-PM-768x768.jpeg 768w, https:\/\/cultura.sma.gob.ar\/wp-content\/uploads\/2024\/08\/WhatsApp-Image-2024-08-21-at-2.03.45-PM-90x90.jpeg 90w, https:\/\/cultura.sma.gob.ar\/wp-content\/uploads\/2024\/08\/WhatsApp-Image-2024-08-21-at-2.03.45-PM.jpeg 1080w\" sizes=\"auto, (max-width: 1024px) 100vw, 1024px\" \/><\/figure>\n\n\n\n<p>\ud83c\udf89Este s\u00e1bado celebramos el d\u00eda de los lectores y lectoras de todas las edades \ud83c\udf89<\/p>\n\n\n\n<p>Lo hacemos con una experiencia perform\u00e1tica: encontrarnos leyendo juntos y juntas, grandes, chicos, chicas y medianos, cada quien con su libro, durante media hora. Y as\u00ed confirmar que la lectura, tambi\u00e9n, es un acto colectivo.<\/p>\n\n\n\n<p>La din\u00e1mica ser\u00e1 as\u00ed, nos encontramos (No olviden su libro, si no tienen les prestamos) y cronometramos media hora de lectura silenciosa. Despu\u00e9s compartiremos sensaciones, recomendaciones, intercambio de libros. Cerramos la experiencia con algunas lecturas compartidas en voz alta y un rato de risas y diversi\u00f3n con juegos de mesa para todas las edades.<\/p>\n\n\n\n<p>\ud83d\udcdaTraigan el libro que est\u00e9n leyendo y aquellos que quieran soltar e intercambiar\ud83d\udcda<\/p>\n\n\n\n<p>\u00bfPorqu\u00e9 no tambi\u00e9n mate, silleta y algo para compartir?<\/p>\n\n\n\n<p>Colectivo de lectores es una idea de @porqueleerok y le agradecemos por su apoyo para poder vivir esta experiencia en nuestra comunidad.<\/p>\n\n\n\n<p>No se suspende por mal clima.<\/p>\n\n\n\n<p>\ud83c\udf89Los y las esperamos\ud83c\udf89<\/p>\n\n\n\n<figure class=\"wp-block-image size-large\"><img loading=\"lazy\" decoding=\"async\" width=\"1024\" height=\"1024\" src=\"https:\/\/cultura.sma.gob.ar\/wp-content\/uploads\/2024\/08\/WhatsApp-Image-2024-08-21-at-2.03.49-PM-1024x1024.jpeg\" alt=\"\" class=\"wp-image-6003\" srcset=\"https:\/\/cultura.sma.gob.ar\/wp-content\/uploads\/2024\/08\/WhatsApp-Image-2024-08-21-at-2.03.49-PM-1024x1024.jpeg 1024w, https:\/\/cultura.sma.gob.ar\/wp-content\/uploads\/2024\/08\/WhatsApp-Image-2024-08-21-at-2.03.49-PM-300x300.jpeg 300w, https:\/\/cultura.sma.gob.ar\/wp-content\/uploads\/2024\/08\/WhatsApp-Image-2024-08-21-at-2.03.49-PM-150x150.jpeg 150w, https:\/\/cultura.sma.gob.ar\/wp-content\/uploads\/2024\/08\/WhatsApp-Image-2024-08-21-at-2.03.49-PM-768x768.jpeg 768w, https:\/\/cultura.sma.gob.ar\/wp-content\/uploads\/2024\/08\/WhatsApp-Image-2024-08-21-at-2.03.49-PM-90x90.jpeg 90w, https:\/\/cultura.sma.gob.ar\/wp-content\/uploads\/2024\/08\/WhatsApp-Image-2024-08-21-at-2.03.49-PM.jpeg 1080w\" sizes=\"auto, (max-width: 1024px) 100vw, 1024px\" \/><\/figure>\n","protected":false},"excerpt":{"rendered":"<p>\ud83c\udf89Este s\u00e1bado celebramos el d\u00eda de los lectores y lectoras de todas las edades \ud83c\udf89 Lo hacemos con una experiencia perform\u00e1tica: encontrarnos leyendo juntos y juntas, grandes, chicos, chicas y medianos, cada quien con su libro, durante media hora. Y as\u00ed confirmar que la lectura, tambi\u00e9n, es un acto colectivo. La din\u00e1mica ser\u00e1 as\u00ed, nos encontramos (No olviden su libro, si no tienen les prestamos) &hellip; <a href=\"https:\/\/cultura.sma.gob.ar\/?p=6001\" class=\"more-link\">Continue reading <span class=\"screen-reader-text\">Este s\u00e1bado en la Biblioteca Popular La Cascada se festeja el d\u00eda de los lectores<\/span><\/a><\/p>\n","protected":false},"author":1,"featured_media":297,"comment_status":"closed","ping_status":"","sticky":false,"template":"","format":"image","meta":{"footnotes":""},"categories":[2,9],"tags":[],"class_list":["post-6001","post","type-post","status-publish","format-image","has-post-thumbnail","hentry","category-ciudad-cultural","category-ultimas-noticias","post_format-post-format-image"],"_links":{"self":[{"href":"https:\/\/cultura.sma.gob.ar\/index.php?rest_route=\/wp\/v2\/posts\/6001","targetHints":{"allow":["GET"]}}],"collection":[{"href":"https:\/\/cultura.sma.gob.ar\/index.php?rest_route=\/wp\/v2\/posts"}],"about":[{"href":"https:\/\/cultura.sma.gob.ar\/index.php?rest_route=\/wp\/v2\/types\/post"}],"author":[{"embeddable":true,"href":"https:\/\/cultura.sma.gob.ar\/index.php?rest_route=\/wp\/v2\/users\/1"}],"replies":[{"embeddable":true,"href":"https:\/\/cultura.sma.gob.ar\/index.php?rest_route=%2Fwp%2Fv2%2Fcomments&post=6001"}],"version-history":[{"count":1,"href":"https:\/\/cultura.sma.gob.ar\/index.php?rest_route=\/wp\/v2\/posts\/6001\/revisions"}],"predecessor-version":[{"id":6004,"href":"https:\/\/cultura.sma.gob.ar\/index.php?rest_route=\/wp\/v2\/posts\/6001\/revisions\/6004"}],"wp:featuredmedia":[{"embeddable":true,"href":"https:\/\/cultura.sma.gob.ar\/index.php?rest_route=\/wp\/v2\/media\/297"}],"wp:attachment":[{"href":"https:\/\/cultura.sma.gob.ar\/index.php?rest_route=%2Fwp%2Fv2%2Fmedia&parent=6001"}],"wp:term":[{"taxonomy":"category","embeddable":true,"href":"https:\/\/cultura.sma.gob.ar\/index.php?rest_route=%2Fwp%2Fv2%2Fcategories&post=6001"},{"taxonomy":"post_tag","embeddable":true,"href":"https:\/\/cultura.sma.gob.ar\/index.php?rest_route=%2Fwp%2Fv2%2Ftags&post=6001"}],"curies":[{"name":"wp","href":"https:\/\/api.w.org\/{rel}","templated":true}]}}