{"id":5994,"date":"2024-08-20T09:41:43","date_gmt":"2024-08-20T12:41:43","guid":{"rendered":"http:\/\/cultura.sma.gob.ar\/?p=5994"},"modified":"2024-08-20T09:44:23","modified_gmt":"2024-08-20T12:44:23","slug":"domingo-concurso-de-hacheros-desfile-y-sorteo-de-la-hilux-4-x-4-en-el-cierre-de-la-fiesta-nacional-del-montanes","status":"publish","type":"post","link":"https:\/\/cultura.sma.gob.ar\/?p=5994","title":{"rendered":"Domingo: Concurso de Hacheros, Desfile y Sorteo de la Hilux 4 x 4 en el cierre de la Fiesta Nacional del Monta\u00f1\u00e9s"},"content":{"rendered":"\n<figure class=\"wp-block-image size-large\"><img loading=\"lazy\" decoding=\"async\" width=\"819\" height=\"1024\" src=\"https:\/\/cultura.sma.gob.ar\/wp-content\/uploads\/2024\/08\/WhatsApp-Image-2024-08-20-at-9.38.01-AM-1-819x1024.jpeg\" alt=\"\" class=\"wp-image-5995\" srcset=\"https:\/\/cultura.sma.gob.ar\/wp-content\/uploads\/2024\/08\/WhatsApp-Image-2024-08-20-at-9.38.01-AM-1-819x1024.jpeg 819w, https:\/\/cultura.sma.gob.ar\/wp-content\/uploads\/2024\/08\/WhatsApp-Image-2024-08-20-at-9.38.01-AM-1-240x300.jpeg 240w, https:\/\/cultura.sma.gob.ar\/wp-content\/uploads\/2024\/08\/WhatsApp-Image-2024-08-20-at-9.38.01-AM-1-768x960.jpeg 768w, https:\/\/cultura.sma.gob.ar\/wp-content\/uploads\/2024\/08\/WhatsApp-Image-2024-08-20-at-9.38.01-AM-1-72x90.jpeg 72w, https:\/\/cultura.sma.gob.ar\/wp-content\/uploads\/2024\/08\/WhatsApp-Image-2024-08-20-at-9.38.01-AM-1.jpeg 1125w\" sizes=\"auto, (max-width: 819px) 100vw, 819px\" \/><\/figure>\n\n\n\n<p><strong>Concurso de Hacheros, Desfile y Sorteo de la Hilux 4 x 4 en el cierre de la Fiesta Nacional del Monta\u00f1\u00e9s&nbsp;<\/strong><\/p>\n\n\n\n<p>Este domingo 25 de agosto, sobre la Avenida San Mart\u00edn y en pleno centro c\u00edvico de nuestra ciudad, se llevar\u00e1n a cabo el \u201cConcurso de hacheros, hacheras, hacheritos, motosierristas y sierra corvina\u201d, el \u201cDesfile del Monta\u00f1\u00e9s\u201d y el<strong> \u201c<\/strong>Gran sorteo de la camioneta Toyota Hilux 4&#215;4\u201d, en lo que ser\u00e1 el cierre de la 43\u00aa Fiesta Nacional del Monta\u00f1\u00e9s.&nbsp;<\/p>\n\n\n\n<h2 class=\"wp-block-heading\">Cronograma de actividades<\/h2>\n\n\n\n<p><strong>13.00hs<\/strong>. <strong>Concurso de Hacheros, hacheras, hacheritos, motosierristas y sierra corvina<\/strong>.&nbsp;<\/p>\n\n\n\n<p>M\u00e1s de 60 competidores participar\u00e1n en las cinco categor\u00edas que propone este tradicional Concurso, con participantes de nuestra ciudad, El Bols\u00f3n, Paraje El Manso, Bariloche, Villa la Angostura y El Choc\u00f3n.&nbsp;&nbsp;&nbsp;&nbsp;&nbsp;&nbsp;&nbsp;&nbsp;&nbsp;&nbsp;&nbsp;&nbsp;&nbsp;&nbsp;&nbsp;&nbsp;&nbsp;&nbsp;&nbsp;&nbsp;&nbsp;&nbsp;&nbsp;&nbsp;&nbsp;&nbsp;&nbsp;&nbsp;&nbsp;&nbsp;&nbsp;&nbsp;&nbsp;&nbsp;&nbsp;&nbsp;&nbsp;&nbsp;&nbsp;&nbsp;&nbsp;&nbsp;&nbsp;&nbsp;&nbsp;&nbsp;&nbsp;&nbsp;&nbsp;&nbsp;&nbsp;&nbsp;&nbsp;&nbsp;&nbsp;&nbsp;&nbsp;&nbsp;&nbsp;&nbsp;&nbsp;&nbsp;&nbsp;&nbsp;&nbsp;&nbsp;&nbsp;&nbsp;<\/p>\n\n\n\n<p>Inicialmente se acreditar\u00e1n los competidores y se presentar\u00e1 la Fanfarria Militar \u201cEl Hinojal\u201d.&nbsp;<\/p>\n\n\n\n<p>Luego,\u00a0 tendr\u00e1 lugar la primera ronda de \u201chacheros\u201d, categor\u00eda en la que se pone en juego por cuarta vez la Copa \u201cMadereros del Lago L\u00e1car\u201d ganada por Osvaldo Sandoval en 2021, Alejandro Cruz Concha en 2022 y por el barilochense Jos\u00e9 \u00c1ngel Quijada en 2023.<\/p>\n\n\n\n<figure class=\"wp-block-image size-large\"><img loading=\"lazy\" decoding=\"async\" width=\"819\" height=\"1024\" src=\"https:\/\/cultura.sma.gob.ar\/wp-content\/uploads\/2024\/08\/WhatsApp-Image-2024-08-20-at-9.38.02-AM-819x1024.jpeg\" alt=\"\" class=\"wp-image-5997\" srcset=\"https:\/\/cultura.sma.gob.ar\/wp-content\/uploads\/2024\/08\/WhatsApp-Image-2024-08-20-at-9.38.02-AM-819x1024.jpeg 819w, https:\/\/cultura.sma.gob.ar\/wp-content\/uploads\/2024\/08\/WhatsApp-Image-2024-08-20-at-9.38.02-AM-240x300.jpeg 240w, https:\/\/cultura.sma.gob.ar\/wp-content\/uploads\/2024\/08\/WhatsApp-Image-2024-08-20-at-9.38.02-AM-768x960.jpeg 768w, https:\/\/cultura.sma.gob.ar\/wp-content\/uploads\/2024\/08\/WhatsApp-Image-2024-08-20-at-9.38.02-AM-72x90.jpeg 72w, https:\/\/cultura.sma.gob.ar\/wp-content\/uploads\/2024\/08\/WhatsApp-Image-2024-08-20-at-9.38.02-AM.jpeg 1125w\" sizes=\"auto, (max-width: 819px) 100vw, 819px\" \/><\/figure>\n\n\n\n<p>A continuaci\u00f3n competir\u00e1n las categor\u00edas \u201chacheras\u201d, \u201chacheritos\u201d, \u201cmotosierristas\u201d y \u201csierras corvina\u201d.&nbsp;<\/p>\n\n\n\n<p>Y por \u00faltimo, a las 16:30 hs, se disputar\u00e1 la ronda final de \u201chacheros\u201d, con rollizos de 70 cm de di\u00e1metro.&nbsp;<\/p>\n\n\n\n<p>Antes de la premiaci\u00f3n, el p\u00fablico podr\u00e1 disfrutar de las cl\u00e1sicas tortas fritas y del chocolate caliente elaborado por el Regimiento de Caballer\u00eda y Exploraci\u00f3n de Monta\u00f1a 4.<\/p>\n\n\n\n<p>La organizaci\u00f3n de este Concurso contar\u00e1 nuevamente con el acompa\u00f1amiento del Hospital Ram\u00f3n Carrillo, con su Estaci\u00f3n de Promoci\u00f3n de la Salud, y la Asociaci\u00f3n de Bomberos Voluntarios, que estar\u00e1 presente con su m\u00f3vil de rescate. A estas entidades se sumar\u00e1 en esta oportunidad el personal de Protecci\u00f3n Civil.<\/p>\n\n\n\n<figure class=\"wp-block-image size-large\"><img loading=\"lazy\" decoding=\"async\" width=\"819\" height=\"1024\" src=\"https:\/\/cultura.sma.gob.ar\/wp-content\/uploads\/2024\/08\/WhatsApp-Image-2024-08-20-at-9.38.01-AM-819x1024.jpeg\" alt=\"\" class=\"wp-image-5996\" srcset=\"https:\/\/cultura.sma.gob.ar\/wp-content\/uploads\/2024\/08\/WhatsApp-Image-2024-08-20-at-9.38.01-AM-819x1024.jpeg 819w, https:\/\/cultura.sma.gob.ar\/wp-content\/uploads\/2024\/08\/WhatsApp-Image-2024-08-20-at-9.38.01-AM-240x300.jpeg 240w, https:\/\/cultura.sma.gob.ar\/wp-content\/uploads\/2024\/08\/WhatsApp-Image-2024-08-20-at-9.38.01-AM-768x960.jpeg 768w, https:\/\/cultura.sma.gob.ar\/wp-content\/uploads\/2024\/08\/WhatsApp-Image-2024-08-20-at-9.38.01-AM-72x90.jpeg 72w, https:\/\/cultura.sma.gob.ar\/wp-content\/uploads\/2024\/08\/WhatsApp-Image-2024-08-20-at-9.38.01-AM.jpeg 1125w\" sizes=\"auto, (max-width: 819px) 100vw, 819px\" \/><\/figure>\n\n\n\n<p><strong>18.00hs. Desfile del Monta\u00f1\u00e9s<\/strong><\/p>\n\n\n\n<p>Como en las viejas \u00e9pocas, instituciones y asociaciones de nuestra ciudad relacionadas con deportes y actividades de monta\u00f1a desfilar\u00e1n por la avenida principal, desde la calle Elordi hasta Mariano Moreno.<\/p>\n\n\n\n<p><strong>19.30hs. Gran sorteo de la camioneta Toyota Hilux 4&#215;4<\/strong><\/p>\n\n\n\n<p>La jornada finalizar\u00e1 con el muy esperado sorteo de la Camioneta Toyota Hilux 4&#215;4. Lo recaudado se destinar\u00e1 a financiar los costos de la Fiesta Nacional del Monta\u00f1\u00e9s y equipar al Teatro San Jos\u00e9.<\/p>\n\n\n\n<p>Esta fiesta popular est\u00e1 organizada por la Secretar\u00eda de Cultura de San Mart\u00edn de los Andes y cuenta con el apoyo del Gobierno de la Provincia del Neuqu\u00e9n, la Legislatura del Neuqu\u00e9n a trav\u00e9s del Complejo Casa de las Leyes, el IJAN, el Regimiento de Caballer\u00eda de Monta\u00f1a 4, el Sindicato de Obreros y Empleados de la Industria Maderera del Neuqu\u00e9n, Estancia Quechuquina, Corfone, Nippon Car, Stihl, OyZ Forestal, el Club L\u00e1car y el grupo scout Nieves del Pehu\u00e9n.\u00a0<\/p>\n","protected":false},"excerpt":{"rendered":"<p>Concurso de Hacheros, Desfile y Sorteo de la Hilux 4 x 4 en el cierre de la Fiesta Nacional del Monta\u00f1\u00e9s&nbsp; Este domingo 25 de agosto, sobre la Avenida San Mart\u00edn y en pleno centro c\u00edvico de nuestra ciudad, se llevar\u00e1n a cabo el \u201cConcurso de hacheros, hacheras, hacheritos, motosierristas y sierra corvina\u201d, el \u201cDesfile del Monta\u00f1\u00e9s\u201d y el \u201cGran sorteo de la camioneta Toyota &hellip; <a href=\"https:\/\/cultura.sma.gob.ar\/?p=5994\" class=\"more-link\">Continue reading <span class=\"screen-reader-text\">Domingo: Concurso de Hacheros, Desfile y Sorteo de la Hilux 4 x 4 en el cierre de la Fiesta Nacional del Monta\u00f1\u00e9s<\/span><\/a><\/p>\n","protected":false},"author":1,"featured_media":296,"comment_status":"closed","ping_status":"","sticky":false,"template":"","format":"image","meta":{"footnotes":""},"categories":[3,9],"tags":[],"class_list":["post-5994","post","type-post","status-publish","format-image","has-post-thumbnail","hentry","category-eventos-cultura","category-ultimas-noticias","post_format-post-format-image"],"_links":{"self":[{"href":"https:\/\/cultura.sma.gob.ar\/index.php?rest_route=\/wp\/v2\/posts\/5994","targetHints":{"allow":["GET"]}}],"collection":[{"href":"https:\/\/cultura.sma.gob.ar\/index.php?rest_route=\/wp\/v2\/posts"}],"about":[{"href":"https:\/\/cultura.sma.gob.ar\/index.php?rest_route=\/wp\/v2\/types\/post"}],"author":[{"embeddable":true,"href":"https:\/\/cultura.sma.gob.ar\/index.php?rest_route=\/wp\/v2\/users\/1"}],"replies":[{"embeddable":true,"href":"https:\/\/cultura.sma.gob.ar\/index.php?rest_route=%2Fwp%2Fv2%2Fcomments&post=5994"}],"version-history":[{"count":2,"href":"https:\/\/cultura.sma.gob.ar\/index.php?rest_route=\/wp\/v2\/posts\/5994\/revisions"}],"predecessor-version":[{"id":6000,"href":"https:\/\/cultura.sma.gob.ar\/index.php?rest_route=\/wp\/v2\/posts\/5994\/revisions\/6000"}],"wp:featuredmedia":[{"embeddable":true,"href":"https:\/\/cultura.sma.gob.ar\/index.php?rest_route=\/wp\/v2\/media\/296"}],"wp:attachment":[{"href":"https:\/\/cultura.sma.gob.ar\/index.php?rest_route=%2Fwp%2Fv2%2Fmedia&parent=5994"}],"wp:term":[{"taxonomy":"category","embeddable":true,"href":"https:\/\/cultura.sma.gob.ar\/index.php?rest_route=%2Fwp%2Fv2%2Fcategories&post=5994"},{"taxonomy":"post_tag","embeddable":true,"href":"https:\/\/cultura.sma.gob.ar\/index.php?rest_route=%2Fwp%2Fv2%2Ftags&post=5994"}],"curies":[{"name":"wp","href":"https:\/\/api.w.org\/{rel}","templated":true}]}}