{"id":5988,"date":"2024-08-15T09:58:14","date_gmt":"2024-08-15T12:58:14","guid":{"rendered":"http:\/\/cultura.sma.gob.ar\/?p=5988"},"modified":"2024-08-27T10:43:12","modified_gmt":"2024-08-27T13:43:12","slug":"la-cabra-mistica-va-a-tocar-en-cotesma","status":"publish","type":"post","link":"https:\/\/cultura.sma.gob.ar\/?p=5988","title":{"rendered":"Este viernes &#8220;Los protectores de la Cabra M\u00edstica&#8221; tocan en Cotesma"},"content":{"rendered":"\n<figure class=\"wp-block-image size-large\"><img loading=\"lazy\" decoding=\"async\" width=\"1024\" height=\"768\" src=\"https:\/\/cultura.sma.gob.ar\/wp-content\/uploads\/2024\/08\/WhatsApp-Image-2024-08-15-at-8.05.55-AM-1024x768.jpeg\" alt=\"\" class=\"wp-image-5989\" srcset=\"https:\/\/cultura.sma.gob.ar\/wp-content\/uploads\/2024\/08\/WhatsApp-Image-2024-08-15-at-8.05.55-AM-1024x768.jpeg 1024w, https:\/\/cultura.sma.gob.ar\/wp-content\/uploads\/2024\/08\/WhatsApp-Image-2024-08-15-at-8.05.55-AM-300x225.jpeg 300w, https:\/\/cultura.sma.gob.ar\/wp-content\/uploads\/2024\/08\/WhatsApp-Image-2024-08-15-at-8.05.55-AM-768x576.jpeg 768w, https:\/\/cultura.sma.gob.ar\/wp-content\/uploads\/2024\/08\/WhatsApp-Image-2024-08-15-at-8.05.55-AM-1536x1152.jpeg 1536w, https:\/\/cultura.sma.gob.ar\/wp-content\/uploads\/2024\/08\/WhatsApp-Image-2024-08-15-at-8.05.55-AM-120x90.jpeg 120w, https:\/\/cultura.sma.gob.ar\/wp-content\/uploads\/2024\/08\/WhatsApp-Image-2024-08-15-at-8.05.55-AM.jpeg 1600w\" sizes=\"auto, (max-width: 1024px) 100vw, 1024px\" \/><\/figure>\n\n\n\n<p>Ya se pueden retirar en el Centro Cultural Cotesma las entradas gratuitas para ver a <strong>Los Protectores de la Cabra M\u00edstica<\/strong>, que se presentar\u00e1n este viernes 30 de agosto, a las 20hs, en la Sala Amancay.<\/p>\n\n\n\n<p>El grupo de rock, conformado por adolescentes de San Mart\u00edn de los Andes, realizar\u00e1 por primera vez una presentaci\u00f3n abierta a todo el p\u00fablico de la ciudad, con m\u00e1s de diez temas propios y tambi\u00e9n algunos covers.<\/p>\n\n\n\n<p>El recital ser\u00e1 \u201ca la gorra\u201d y lo recaudado se usar\u00e1 para grabar y publicar el primer disco de la banda. Para asegurarte un lugar en el evento ya pod\u00e9s retirar tu entrada en la boleter\u00eda del Centro Cultural Cotesma, que estar\u00e1 abierta desde hoy y hasta el viernes, a partir de las 16:00 hs.<\/p>\n\n\n\n<figure class=\"wp-block-image size-large\"><img loading=\"lazy\" decoding=\"async\" width=\"812\" height=\"1024\" src=\"https:\/\/cultura.sma.gob.ar\/wp-content\/uploads\/2024\/08\/WhatsApp-Image-2024-08-27-at-10.35.50-AM-812x1024.jpeg\" alt=\"\" class=\"wp-image-6018\" srcset=\"https:\/\/cultura.sma.gob.ar\/wp-content\/uploads\/2024\/08\/WhatsApp-Image-2024-08-27-at-10.35.50-AM-812x1024.jpeg 812w, https:\/\/cultura.sma.gob.ar\/wp-content\/uploads\/2024\/08\/WhatsApp-Image-2024-08-27-at-10.35.50-AM-238x300.jpeg 238w, https:\/\/cultura.sma.gob.ar\/wp-content\/uploads\/2024\/08\/WhatsApp-Image-2024-08-27-at-10.35.50-AM-768x968.jpeg 768w, https:\/\/cultura.sma.gob.ar\/wp-content\/uploads\/2024\/08\/WhatsApp-Image-2024-08-27-at-10.35.50-AM-1218x1536.jpeg 1218w, https:\/\/cultura.sma.gob.ar\/wp-content\/uploads\/2024\/08\/WhatsApp-Image-2024-08-27-at-10.35.50-AM-71x90.jpeg 71w, https:\/\/cultura.sma.gob.ar\/wp-content\/uploads\/2024\/08\/WhatsApp-Image-2024-08-27-at-10.35.50-AM.jpeg 1269w\" sizes=\"auto, (max-width: 812px) 100vw, 812px\" \/><\/figure>\n","protected":false},"excerpt":{"rendered":"<p>Ya se pueden retirar en el Centro Cultural Cotesma las entradas gratuitas para ver a Los Protectores de la Cabra M\u00edstica, que se presentar\u00e1n este viernes 30 de agosto, a las 20hs, en la Sala Amancay. El grupo de rock, conformado por adolescentes de San Mart\u00edn de los Andes, realizar\u00e1 por primera vez una presentaci\u00f3n abierta a todo el p\u00fablico de la ciudad, con m\u00e1s &hellip; <a href=\"https:\/\/cultura.sma.gob.ar\/?p=5988\" class=\"more-link\">Continue reading <span class=\"screen-reader-text\">Este viernes &#8220;Los protectores de la Cabra M\u00edstica&#8221; tocan en Cotesma<\/span><\/a><\/p>\n","protected":false},"author":1,"featured_media":297,"comment_status":"closed","ping_status":"","sticky":false,"template":"","format":"image","meta":{"footnotes":""},"categories":[2,9],"tags":[],"class_list":["post-5988","post","type-post","status-publish","format-image","has-post-thumbnail","hentry","category-ciudad-cultural","category-ultimas-noticias","post_format-post-format-image"],"_links":{"self":[{"href":"https:\/\/cultura.sma.gob.ar\/index.php?rest_route=\/wp\/v2\/posts\/5988","targetHints":{"allow":["GET"]}}],"collection":[{"href":"https:\/\/cultura.sma.gob.ar\/index.php?rest_route=\/wp\/v2\/posts"}],"about":[{"href":"https:\/\/cultura.sma.gob.ar\/index.php?rest_route=\/wp\/v2\/types\/post"}],"author":[{"embeddable":true,"href":"https:\/\/cultura.sma.gob.ar\/index.php?rest_route=\/wp\/v2\/users\/1"}],"replies":[{"embeddable":true,"href":"https:\/\/cultura.sma.gob.ar\/index.php?rest_route=%2Fwp%2Fv2%2Fcomments&post=5988"}],"version-history":[{"count":3,"href":"https:\/\/cultura.sma.gob.ar\/index.php?rest_route=\/wp\/v2\/posts\/5988\/revisions"}],"predecessor-version":[{"id":6020,"href":"https:\/\/cultura.sma.gob.ar\/index.php?rest_route=\/wp\/v2\/posts\/5988\/revisions\/6020"}],"wp:featuredmedia":[{"embeddable":true,"href":"https:\/\/cultura.sma.gob.ar\/index.php?rest_route=\/wp\/v2\/media\/297"}],"wp:attachment":[{"href":"https:\/\/cultura.sma.gob.ar\/index.php?rest_route=%2Fwp%2Fv2%2Fmedia&parent=5988"}],"wp:term":[{"taxonomy":"category","embeddable":true,"href":"https:\/\/cultura.sma.gob.ar\/index.php?rest_route=%2Fwp%2Fv2%2Fcategories&post=5988"},{"taxonomy":"post_tag","embeddable":true,"href":"https:\/\/cultura.sma.gob.ar\/index.php?rest_route=%2Fwp%2Fv2%2Ftags&post=5988"}],"curies":[{"name":"wp","href":"https:\/\/api.w.org\/{rel}","templated":true}]}}