{"id":5981,"date":"2024-08-13T09:33:21","date_gmt":"2024-08-13T12:33:21","guid":{"rendered":"http:\/\/cultura.sma.gob.ar\/?p=5981"},"modified":"2024-08-13T09:33:21","modified_gmt":"2024-08-13T12:33:21","slug":"el-sonido-de-antes-se-proyecta-el-documental-este-martes-y-miercoles-en-cotesma","status":"publish","type":"post","link":"https:\/\/cultura.sma.gob.ar\/?p=5981","title":{"rendered":"&#8220;El sonido de antes&#8221;: se proyecta el documental este martes y mi\u00e9rcoles en Cotesma"},"content":{"rendered":"\n\n\n<p>Es una peli documental muy interesante donde se restaura una vieja guitarra de Gardel, un viaje al Tango del pasado. <\/p>\n\n\n\n<p><a href=\"https:\/\/drive.google.com\/file\/d\/1HOmu52mBbV9IJW4xkAIqab3CM0Rn4-h2\/view\">Video trailer promoci\u00f3n<\/a><\/p>\n\n\n\n<p>SINOPSIS:\u00a0Patricio Crom es un coleccionista de guitarras de Tango. Por eso al encontrarse con una vieja guitarra boca de estrella, como la que usaba Gardel, se propone restaurarla para recuperar su verdadero sonido. Mientras la restaura, investiga sobre el sonido original de la misma y las formas de grabaci\u00f3n antiguas. Convoca a distintos guitarristas referentes de la escena actual de Tango Argentino para que la puedan tocar. En el camino profundiza sobre las diferentes maneras de tocar, los estilos, las experiencias con la guitarra, las particularidades de la restauraci\u00f3n, la luther\u00eda, el amor y la pasi\u00f3n por la guitarra y Gardel\u00a0<\/p>\n\n\n\n<p>FICHA T\u00c9CNICA\u00a0Direcci\u00f3n: Yael SzmulewiczProducci\u00f3n: Yael Szmulewicz, Patricio CromGui\u00f3n: Diego Labat, Yael Szmulewicz, y Patricio CromDirecci\u00f3n de Fotograf\u00eda: Mehmet Tan KurttekinM\u00fasica: Patricio CromSonido: Carolina Perez Sandoval, Juan KrymkiewiczEdici\u00f3n: Laura Bua, Yael SzmulewiczInt\u00e9rpretes: Patricio Crom, Juan Villarreal, Sebasti\u00e1n Nu\u00f1ez, Guillermo El\u00edas, Matias Crom, Mirta Alvarez y otros.<\/p>\n","protected":false},"excerpt":{"rendered":"<p>Es una peli documental muy interesante donde se restaura una vieja guitarra de Gardel, un viaje al Tango del pasado. Video trailer promoci\u00f3n SINOPSIS:\u00a0Patricio Crom es un coleccionista de guitarras de Tango. Por eso al encontrarse con una vieja guitarra boca de estrella, como la que usaba Gardel, se propone restaurarla para recuperar su verdadero sonido. Mientras la restaura, investiga sobre el sonido original de &hellip; <a href=\"https:\/\/cultura.sma.gob.ar\/?p=5981\" class=\"more-link\">Continue reading <span class=\"screen-reader-text\">&#8220;El sonido de antes&#8221;: se proyecta el documental este martes y mi\u00e9rcoles en Cotesma<\/span><\/a><\/p>\n","protected":false},"author":1,"featured_media":297,"comment_status":"closed","ping_status":"","sticky":false,"template":"","format":"image","meta":{"footnotes":""},"categories":[2,9],"tags":[],"class_list":["post-5981","post","type-post","status-publish","format-image","has-post-thumbnail","hentry","category-ciudad-cultural","category-ultimas-noticias","post_format-post-format-image"],"_links":{"self":[{"href":"https:\/\/cultura.sma.gob.ar\/index.php?rest_route=\/wp\/v2\/posts\/5981","targetHints":{"allow":["GET"]}}],"collection":[{"href":"https:\/\/cultura.sma.gob.ar\/index.php?rest_route=\/wp\/v2\/posts"}],"about":[{"href":"https:\/\/cultura.sma.gob.ar\/index.php?rest_route=\/wp\/v2\/types\/post"}],"author":[{"embeddable":true,"href":"https:\/\/cultura.sma.gob.ar\/index.php?rest_route=\/wp\/v2\/users\/1"}],"replies":[{"embeddable":true,"href":"https:\/\/cultura.sma.gob.ar\/index.php?rest_route=%2Fwp%2Fv2%2Fcomments&post=5981"}],"version-history":[{"count":1,"href":"https:\/\/cultura.sma.gob.ar\/index.php?rest_route=\/wp\/v2\/posts\/5981\/revisions"}],"predecessor-version":[{"id":5982,"href":"https:\/\/cultura.sma.gob.ar\/index.php?rest_route=\/wp\/v2\/posts\/5981\/revisions\/5982"}],"wp:featuredmedia":[{"embeddable":true,"href":"https:\/\/cultura.sma.gob.ar\/index.php?rest_route=\/wp\/v2\/media\/297"}],"wp:attachment":[{"href":"https:\/\/cultura.sma.gob.ar\/index.php?rest_route=%2Fwp%2Fv2%2Fmedia&parent=5981"}],"wp:term":[{"taxonomy":"category","embeddable":true,"href":"https:\/\/cultura.sma.gob.ar\/index.php?rest_route=%2Fwp%2Fv2%2Fcategories&post=5981"},{"taxonomy":"post_tag","embeddable":true,"href":"https:\/\/cultura.sma.gob.ar\/index.php?rest_route=%2Fwp%2Fv2%2Ftags&post=5981"}],"curies":[{"name":"wp","href":"https:\/\/api.w.org\/{rel}","templated":true}]}}