{"id":598,"date":"2020-11-04T23:52:39","date_gmt":"2020-11-05T02:52:39","guid":{"rendered":"http:\/\/cultura.sma.gob.ar\/?p=598"},"modified":"2020-11-04T23:52:39","modified_gmt":"2020-11-05T02:52:39","slug":"graciela-castro-14-feria-regional-del-libro","status":"publish","type":"post","link":"https:\/\/cultura.sma.gob.ar\/?p=598","title":{"rendered":"Graciela Castro | 14\u00b0 Feria Regional del Libro"},"content":{"rendered":"\n<figure class=\"wp-block-image size-large\"><img loading=\"lazy\" decoding=\"async\" width=\"779\" height=\"783\" src=\"http:\/\/cultura.sma.gob.ar\/wp-content\/uploads\/2020\/11\/GRACIELA-CASTRO.png\" alt=\"\" class=\"wp-image-599\" srcset=\"https:\/\/cultura.sma.gob.ar\/wp-content\/uploads\/2020\/11\/GRACIELA-CASTRO.png 779w, https:\/\/cultura.sma.gob.ar\/wp-content\/uploads\/2020\/11\/GRACIELA-CASTRO-298x300.png 298w, https:\/\/cultura.sma.gob.ar\/wp-content\/uploads\/2020\/11\/GRACIELA-CASTRO-150x150.png 150w, https:\/\/cultura.sma.gob.ar\/wp-content\/uploads\/2020\/11\/GRACIELA-CASTRO-768x772.png 768w, https:\/\/cultura.sma.gob.ar\/wp-content\/uploads\/2020\/11\/GRACIELA-CASTRO-90x90.png 90w\" sizes=\"auto, (max-width: 779px) 100vw, 779px\" \/><\/figure>\n\n\n\n<p>Por <strong>Secretar\u00eda de Cultura<\/strong><\/p>\n\n\n\n<ul class=\"wp-block-list\"><li>Viernes 13 &#8211; 18hs &#8211; presentaci\u00f3n v\u00eda Zoom<\/li><\/ul>\n\n\n\n<p>\u201cMemorias de t\u00eda\u201d es seg\u00fan su contratapa \u00b4un libro para leer de a ratos, frente a la ventana\u00b4.&nbsp;Re\u00fane relatos autobiogr\u00e1ficos y elementos ficcionales, narrados desde la mirada y el sentir patag\u00f3nico y dando testimonio de modos y perspectivas que han variado en el transcurrir del siglo XX al XXI.&nbsp;<\/p>\n\n\n\n<p><strong>Graciela Castro<\/strong> lleg\u00f3 a Jun\u00edn de los Andes en 1979 para ejercer la docencia. Desde 1983 reside en San Mart\u00edn de los Andes, actualmente en el \u00e1rea rural cercana a la ciudad. Se declara <em>escribiente, <\/em>no escritora, expres\u00e1ndose a trav\u00e9s de poemas, textos narrativos y apuntes personales. \u201cEl libro de Graciela\u201d (Editorial Plus Ultra, 1985), de su autor\u00eda, re\u00fane cuentos y poemas de literatura infantil.<\/p>\n","protected":false},"excerpt":{"rendered":"<p>Presentaci\u00f3n virtual <a href=\"https:\/\/cultura.sma.gob.ar\/?p=598\" class=\"more-link\">Continue reading <span class=\"screen-reader-text\">Graciela Castro | 14\u00b0 Feria Regional del Libro<\/span><\/a><\/p>\n","protected":false},"author":1,"featured_media":296,"comment_status":"closed","ping_status":"","sticky":false,"template":"","format":"image","meta":{"footnotes":""},"categories":[3,9],"tags":[],"class_list":["post-598","post","type-post","status-publish","format-image","has-post-thumbnail","hentry","category-eventos-cultura","category-ultimas-noticias","post_format-post-format-image"],"_links":{"self":[{"href":"https:\/\/cultura.sma.gob.ar\/index.php?rest_route=\/wp\/v2\/posts\/598","targetHints":{"allow":["GET"]}}],"collection":[{"href":"https:\/\/cultura.sma.gob.ar\/index.php?rest_route=\/wp\/v2\/posts"}],"about":[{"href":"https:\/\/cultura.sma.gob.ar\/index.php?rest_route=\/wp\/v2\/types\/post"}],"author":[{"embeddable":true,"href":"https:\/\/cultura.sma.gob.ar\/index.php?rest_route=\/wp\/v2\/users\/1"}],"replies":[{"embeddable":true,"href":"https:\/\/cultura.sma.gob.ar\/index.php?rest_route=%2Fwp%2Fv2%2Fcomments&post=598"}],"version-history":[{"count":1,"href":"https:\/\/cultura.sma.gob.ar\/index.php?rest_route=\/wp\/v2\/posts\/598\/revisions"}],"predecessor-version":[{"id":600,"href":"https:\/\/cultura.sma.gob.ar\/index.php?rest_route=\/wp\/v2\/posts\/598\/revisions\/600"}],"wp:featuredmedia":[{"embeddable":true,"href":"https:\/\/cultura.sma.gob.ar\/index.php?rest_route=\/wp\/v2\/media\/296"}],"wp:attachment":[{"href":"https:\/\/cultura.sma.gob.ar\/index.php?rest_route=%2Fwp%2Fv2%2Fmedia&parent=598"}],"wp:term":[{"taxonomy":"category","embeddable":true,"href":"https:\/\/cultura.sma.gob.ar\/index.php?rest_route=%2Fwp%2Fv2%2Fcategories&post=598"},{"taxonomy":"post_tag","embeddable":true,"href":"https:\/\/cultura.sma.gob.ar\/index.php?rest_route=%2Fwp%2Fv2%2Ftags&post=598"}],"curies":[{"name":"wp","href":"https:\/\/api.w.org\/{rel}","templated":true}]}}