{"id":5972,"date":"2024-08-12T10:07:56","date_gmt":"2024-08-12T13:07:56","guid":{"rendered":"http:\/\/cultura.sma.gob.ar\/?p=5972"},"modified":"2024-08-12T10:07:56","modified_gmt":"2024-08-12T13:07:56","slug":"ciclo-de-cine-en-la-sala-lidaura-chapitel","status":"publish","type":"post","link":"https:\/\/cultura.sma.gob.ar\/?p=5972","title":{"rendered":"Ciclo de cine en la sala Lidaura Chapitel"},"content":{"rendered":"\n<figure class=\"wp-block-image size-large\"><img loading=\"lazy\" decoding=\"async\" width=\"1024\" height=\"1024\" src=\"https:\/\/cultura.sma.gob.ar\/wp-content\/uploads\/2024\/08\/SMA-LC0033-Ciclo-de-Cine-2-01-1024x1024.jpg\" alt=\"\" class=\"wp-image-5974\" srcset=\"https:\/\/cultura.sma.gob.ar\/wp-content\/uploads\/2024\/08\/SMA-LC0033-Ciclo-de-Cine-2-01-1024x1024.jpg 1024w, https:\/\/cultura.sma.gob.ar\/wp-content\/uploads\/2024\/08\/SMA-LC0033-Ciclo-de-Cine-2-01-300x300.jpg 300w, https:\/\/cultura.sma.gob.ar\/wp-content\/uploads\/2024\/08\/SMA-LC0033-Ciclo-de-Cine-2-01-150x150.jpg 150w, https:\/\/cultura.sma.gob.ar\/wp-content\/uploads\/2024\/08\/SMA-LC0033-Ciclo-de-Cine-2-01-768x768.jpg 768w, https:\/\/cultura.sma.gob.ar\/wp-content\/uploads\/2024\/08\/SMA-LC0033-Ciclo-de-Cine-2-01-1536x1536.jpg 1536w, https:\/\/cultura.sma.gob.ar\/wp-content\/uploads\/2024\/08\/SMA-LC0033-Ciclo-de-Cine-2-01-2048x2048.jpg 2048w, https:\/\/cultura.sma.gob.ar\/wp-content\/uploads\/2024\/08\/SMA-LC0033-Ciclo-de-Cine-2-01-90x90.jpg 90w\" sizes=\"auto, (max-width: 1024px) 100vw, 1024px\" \/><\/figure>\n\n\n\n<p><strong>CICLO DE CINE EN LA SALA LIDAURA CHAPITEL<\/strong><\/p>\n\n\n\n<p><strong>ORGANIZADO CON LA ASOCIACI\u00d3N AMIGOS DE LA SALA<\/strong><\/p>\n\n\n\n<p><strong>Coordina Marcelo Gobbo<\/strong><\/p>\n\n\n\n<p>Arranca la primera fecha de un nuevo encuentro cin\u00e9filo en la Sala de Exposiciones Lidaura Chapitel. La actividad, coordinada por Marcelo Gobbo, nos trae para el 17 de agosto a las 18:30 el film<strong>&nbsp;Nelly et Mr. Arnaud<\/strong>&nbsp;(El placer de estar contigo. Francia, 1995)&nbsp;con direcci\u00f3n de Claude Sautet y los actores&nbsp;Michel Serrault, Emmanuelle B\u00e9art y Jean-Hugues Anglade.&nbsp;Duraci\u00f3n: 106 minutos.<\/p>\n\n\n\n<p>Narra el encuentro entre Nelly, una joven en proceso de divorcio y sin dinero, y Pierre Arnaud, un hombre mayor acomodado y jubilado. \u00c9l est\u00e1 escribiendo sus memorias y propone a Nelly que las transcriba. Entre ambos nacer\u00e1 una relaci\u00f3n tan extra\u00f1a como especial. Premio C\u00e9sar al mejor director y al mejor actor para Michel Serrault.<\/p>\n\n\n\n<p><strong>Sala Lidaura Chapitel, Cap. Drury 665<\/strong><\/p>\n\n\n\n<p><strong>s\u00e1bado 17 de agosto de 2024,&nbsp;<\/strong><strong>18:30 hs.<\/strong><\/p>\n\n\n\n<p><strong>Bono contribuci\u00f3n: socios\u00a0$1000 &#8211; No socios $2000\u00a0 \u00a0\u00a0<\/strong><\/p>\n\n\n\n<figure class=\"wp-block-image size-large\"><img loading=\"lazy\" decoding=\"async\" width=\"1024\" height=\"1024\" src=\"https:\/\/cultura.sma.gob.ar\/wp-content\/uploads\/2024\/08\/SMA-LC0033-Ciclo-de-Cine-2-02-1024x1024.jpg\" alt=\"\" class=\"wp-image-5973\" srcset=\"https:\/\/cultura.sma.gob.ar\/wp-content\/uploads\/2024\/08\/SMA-LC0033-Ciclo-de-Cine-2-02-1024x1024.jpg 1024w, https:\/\/cultura.sma.gob.ar\/wp-content\/uploads\/2024\/08\/SMA-LC0033-Ciclo-de-Cine-2-02-300x300.jpg 300w, https:\/\/cultura.sma.gob.ar\/wp-content\/uploads\/2024\/08\/SMA-LC0033-Ciclo-de-Cine-2-02-150x150.jpg 150w, https:\/\/cultura.sma.gob.ar\/wp-content\/uploads\/2024\/08\/SMA-LC0033-Ciclo-de-Cine-2-02-768x768.jpg 768w, https:\/\/cultura.sma.gob.ar\/wp-content\/uploads\/2024\/08\/SMA-LC0033-Ciclo-de-Cine-2-02-1536x1536.jpg 1536w, https:\/\/cultura.sma.gob.ar\/wp-content\/uploads\/2024\/08\/SMA-LC0033-Ciclo-de-Cine-2-02-2048x2048.jpg 2048w, https:\/\/cultura.sma.gob.ar\/wp-content\/uploads\/2024\/08\/SMA-LC0033-Ciclo-de-Cine-2-02-90x90.jpg 90w\" sizes=\"auto, (max-width: 1024px) 100vw, 1024px\" \/><\/figure>\n\n\n\n<p>Cerrando el Ciclo de cine a cargo de Marcelo Gobbo y la Asociaci\u00f3n&nbsp;Amigos de la Sala, se proyectar\u00e1 el&nbsp;&nbsp;s\u00e1bado 31 de agosto a las 18:30 hs. el film&nbsp;<strong>The Holdovers<\/strong>&nbsp;(Los que se quedan. EE.UU., 2023)&nbsp;con direcci\u00f3n de Alexander Payne y los actores&nbsp;Paul Giamatti, Da&#8217;Vine Joy &#8211; &nbsp;Randolph y Dominic Sessa.&nbsp;Duraci\u00f3n: 133 minutos.<\/p>\n\n\n\n<p>Paul Hunham, un profesor cascarrabias de un prestigioso colegio, se ve obligado a permanecer en el campus durante las vacaciones de Navidad para velar por un pu\u00f1ado de estudiantes que no tienen a d\u00f3nde ir. La convivencia lo llevar\u00e1 a forjar un ins\u00f3lito v\u00ednculo con uno de ellos y con la jefa de cocina de la escuela, que acaba de perder un hijo en Vietnam. En \u201cThe Holdovers\u201d cada personaje deber\u00e1 aprender algo del otro. Ganadora de 134 premios internacionales.<\/p>\n\n\n\n<p><strong>Sala Lidaura Chapitel, Cap. Drury 665<\/strong><\/p>\n\n\n\n<p><strong>S\u00e1bado 31 de agosto de 2024,&nbsp;<\/strong><strong>18:30 hs.<\/strong><\/p>\n\n\n\n<p><strong>Bono contribuci\u00f3n: socios&nbsp;$1000 &#8211; No socios $2000&nbsp; &nbsp;&nbsp;<\/strong><\/p>\n","protected":false},"excerpt":{"rendered":"<p>CICLO DE CINE EN LA SALA LIDAURA CHAPITEL ORGANIZADO CON LA ASOCIACI\u00d3N AMIGOS DE LA SALA Coordina Marcelo Gobbo Arranca la primera fecha de un nuevo encuentro cin\u00e9filo en la Sala de Exposiciones Lidaura Chapitel. La actividad, coordinada por Marcelo Gobbo, nos trae para el 17 de agosto a las 18:30 el film&nbsp;Nelly et Mr. Arnaud&nbsp;(El placer de estar contigo. Francia, 1995)&nbsp;con direcci\u00f3n de Claude &hellip; <a href=\"https:\/\/cultura.sma.gob.ar\/?p=5972\" class=\"more-link\">Continue reading <span class=\"screen-reader-text\">Ciclo de cine en la sala Lidaura Chapitel<\/span><\/a><\/p>\n","protected":false},"author":1,"featured_media":295,"comment_status":"closed","ping_status":"","sticky":false,"template":"","format":"image","meta":{"footnotes":""},"categories":[6,9],"tags":[],"class_list":["post-5972","post","type-post","status-publish","format-image","has-post-thumbnail","hentry","category-sala-lidaura-chapitel","category-ultimas-noticias","post_format-post-format-image"],"_links":{"self":[{"href":"https:\/\/cultura.sma.gob.ar\/index.php?rest_route=\/wp\/v2\/posts\/5972","targetHints":{"allow":["GET"]}}],"collection":[{"href":"https:\/\/cultura.sma.gob.ar\/index.php?rest_route=\/wp\/v2\/posts"}],"about":[{"href":"https:\/\/cultura.sma.gob.ar\/index.php?rest_route=\/wp\/v2\/types\/post"}],"author":[{"embeddable":true,"href":"https:\/\/cultura.sma.gob.ar\/index.php?rest_route=\/wp\/v2\/users\/1"}],"replies":[{"embeddable":true,"href":"https:\/\/cultura.sma.gob.ar\/index.php?rest_route=%2Fwp%2Fv2%2Fcomments&post=5972"}],"version-history":[{"count":1,"href":"https:\/\/cultura.sma.gob.ar\/index.php?rest_route=\/wp\/v2\/posts\/5972\/revisions"}],"predecessor-version":[{"id":5975,"href":"https:\/\/cultura.sma.gob.ar\/index.php?rest_route=\/wp\/v2\/posts\/5972\/revisions\/5975"}],"wp:featuredmedia":[{"embeddable":true,"href":"https:\/\/cultura.sma.gob.ar\/index.php?rest_route=\/wp\/v2\/media\/295"}],"wp:attachment":[{"href":"https:\/\/cultura.sma.gob.ar\/index.php?rest_route=%2Fwp%2Fv2%2Fmedia&parent=5972"}],"wp:term":[{"taxonomy":"category","embeddable":true,"href":"https:\/\/cultura.sma.gob.ar\/index.php?rest_route=%2Fwp%2Fv2%2Fcategories&post=5972"},{"taxonomy":"post_tag","embeddable":true,"href":"https:\/\/cultura.sma.gob.ar\/index.php?rest_route=%2Fwp%2Fv2%2Ftags&post=5972"}],"curies":[{"name":"wp","href":"https:\/\/api.w.org\/{rel}","templated":true}]}}