{"id":5968,"date":"2024-08-09T15:28:08","date_gmt":"2024-08-09T18:28:08","guid":{"rendered":"http:\/\/cultura.sma.gob.ar\/?p=5968"},"modified":"2024-08-09T15:28:08","modified_gmt":"2024-08-09T18:28:08","slug":"gran-encuentro-de-cuerdas-este-sabado-10-de-agosto","status":"publish","type":"post","link":"https:\/\/cultura.sma.gob.ar\/?p=5968","title":{"rendered":"Gran encuentro de cuerdas este s\u00e1bado 10 de agosto"},"content":{"rendered":"\n<figure class=\"wp-block-image size-large\"><img loading=\"lazy\" decoding=\"async\" width=\"724\" height=\"1024\" src=\"https:\/\/cultura.sma.gob.ar\/wp-content\/uploads\/2024\/08\/WhatsApp-Image-2024-08-09-at-12.32.04-PM-724x1024.jpeg\" alt=\"\" class=\"wp-image-5969\" srcset=\"https:\/\/cultura.sma.gob.ar\/wp-content\/uploads\/2024\/08\/WhatsApp-Image-2024-08-09-at-12.32.04-PM-724x1024.jpeg 724w, https:\/\/cultura.sma.gob.ar\/wp-content\/uploads\/2024\/08\/WhatsApp-Image-2024-08-09-at-12.32.04-PM-212x300.jpeg 212w, https:\/\/cultura.sma.gob.ar\/wp-content\/uploads\/2024\/08\/WhatsApp-Image-2024-08-09-at-12.32.04-PM-768x1086.jpeg 768w, https:\/\/cultura.sma.gob.ar\/wp-content\/uploads\/2024\/08\/WhatsApp-Image-2024-08-09-at-12.32.04-PM-1086x1536.jpeg 1086w, https:\/\/cultura.sma.gob.ar\/wp-content\/uploads\/2024\/08\/WhatsApp-Image-2024-08-09-at-12.32.04-PM-64x90.jpeg 64w, https:\/\/cultura.sma.gob.ar\/wp-content\/uploads\/2024\/08\/WhatsApp-Image-2024-08-09-at-12.32.04-PM.jpeg 1131w\" sizes=\"auto, (max-width: 724px) 100vw, 724px\" \/><\/figure>\n\n\n\n<p>\u00a1No te pod\u00e9s perder el <em>Encuentro de Cuerdas<\/em> este <em>10 de agosto a las 20:00 hs<\/em> en el <em>Sal\u00f3n Municipal de SMA<\/em>!<\/p>\n\n\n\n<p>Disfrut\u00e1 de una noche m\u00e1gica con las interpretaciones de <em>Luz Vella<\/em> en viol\u00edn y <em>Adrian Vella<\/em> en guitarra. El repertorio incluir\u00e1 cl\u00e1sicos de tango como El Choclo y Libertango, adem\u00e1s de \u00e9xitos de Coldplay y rock nacional.<\/p>\n\n\n\n<p>La entrada es libre y gratuita, con el auspicio de la Asociaci\u00f3n Italiana y la Escuela Dante Alighieri. \u00a1Ven\u00ed a disfrutar de una velada inolvidable!<\/p>\n","protected":false},"excerpt":{"rendered":"<p>\u00a1No te pod\u00e9s perder el Encuentro de Cuerdas este 10 de agosto a las 20:00 hs en el Sal\u00f3n Municipal de SMA! Disfrut\u00e1 de una noche m\u00e1gica con las interpretaciones de Luz Vella en viol\u00edn y Adrian Vella en guitarra. El repertorio incluir\u00e1 cl\u00e1sicos de tango como El Choclo y Libertango, adem\u00e1s de \u00e9xitos de Coldplay y rock nacional. La entrada es libre y gratuita, &hellip; <a href=\"https:\/\/cultura.sma.gob.ar\/?p=5968\" class=\"more-link\">Continue reading <span class=\"screen-reader-text\">Gran encuentro de cuerdas este s\u00e1bado 10 de agosto<\/span><\/a><\/p>\n","protected":false},"author":1,"featured_media":297,"comment_status":"closed","ping_status":"","sticky":false,"template":"","format":"image","meta":{"footnotes":""},"categories":[2],"tags":[],"class_list":["post-5968","post","type-post","status-publish","format-image","has-post-thumbnail","hentry","category-ciudad-cultural","post_format-post-format-image"],"_links":{"self":[{"href":"https:\/\/cultura.sma.gob.ar\/index.php?rest_route=\/wp\/v2\/posts\/5968","targetHints":{"allow":["GET"]}}],"collection":[{"href":"https:\/\/cultura.sma.gob.ar\/index.php?rest_route=\/wp\/v2\/posts"}],"about":[{"href":"https:\/\/cultura.sma.gob.ar\/index.php?rest_route=\/wp\/v2\/types\/post"}],"author":[{"embeddable":true,"href":"https:\/\/cultura.sma.gob.ar\/index.php?rest_route=\/wp\/v2\/users\/1"}],"replies":[{"embeddable":true,"href":"https:\/\/cultura.sma.gob.ar\/index.php?rest_route=%2Fwp%2Fv2%2Fcomments&post=5968"}],"version-history":[{"count":1,"href":"https:\/\/cultura.sma.gob.ar\/index.php?rest_route=\/wp\/v2\/posts\/5968\/revisions"}],"predecessor-version":[{"id":5970,"href":"https:\/\/cultura.sma.gob.ar\/index.php?rest_route=\/wp\/v2\/posts\/5968\/revisions\/5970"}],"wp:featuredmedia":[{"embeddable":true,"href":"https:\/\/cultura.sma.gob.ar\/index.php?rest_route=\/wp\/v2\/media\/297"}],"wp:attachment":[{"href":"https:\/\/cultura.sma.gob.ar\/index.php?rest_route=%2Fwp%2Fv2%2Fmedia&parent=5968"}],"wp:term":[{"taxonomy":"category","embeddable":true,"href":"https:\/\/cultura.sma.gob.ar\/index.php?rest_route=%2Fwp%2Fv2%2Fcategories&post=5968"},{"taxonomy":"post_tag","embeddable":true,"href":"https:\/\/cultura.sma.gob.ar\/index.php?rest_route=%2Fwp%2Fv2%2Ftags&post=5968"}],"curies":[{"name":"wp","href":"https:\/\/api.w.org\/{rel}","templated":true}]}}