{"id":5964,"date":"2024-08-09T15:24:27","date_gmt":"2024-08-09T18:24:27","guid":{"rendered":"http:\/\/cultura.sma.gob.ar\/?p=5964"},"modified":"2024-08-09T15:24:27","modified_gmt":"2024-08-09T18:24:27","slug":"fiesta-del-montanes-habra-un-encuentro-de-payadores-con-artistas-de-toda-la-provincia","status":"publish","type":"post","link":"https:\/\/cultura.sma.gob.ar\/?p=5964","title":{"rendered":"Fiesta del Monta\u00f1\u00e9s: habr\u00e1 un Encuentro de Payadores, con artistas de toda la provincia"},"content":{"rendered":"\n<figure class=\"wp-block-image size-large\"><img loading=\"lazy\" decoding=\"async\" width=\"1024\" height=\"1024\" src=\"https:\/\/cultura.sma.gob.ar\/wp-content\/uploads\/2024\/08\/SMA-GE0017-43-Fiesta-Nacional-del-Montanes-2024-RRSS-Payadores_1x1-1024x1024.jpg\" alt=\"\" class=\"wp-image-5965\" srcset=\"https:\/\/cultura.sma.gob.ar\/wp-content\/uploads\/2024\/08\/SMA-GE0017-43-Fiesta-Nacional-del-Montanes-2024-RRSS-Payadores_1x1-1024x1024.jpg 1024w, https:\/\/cultura.sma.gob.ar\/wp-content\/uploads\/2024\/08\/SMA-GE0017-43-Fiesta-Nacional-del-Montanes-2024-RRSS-Payadores_1x1-300x300.jpg 300w, https:\/\/cultura.sma.gob.ar\/wp-content\/uploads\/2024\/08\/SMA-GE0017-43-Fiesta-Nacional-del-Montanes-2024-RRSS-Payadores_1x1-150x150.jpg 150w, https:\/\/cultura.sma.gob.ar\/wp-content\/uploads\/2024\/08\/SMA-GE0017-43-Fiesta-Nacional-del-Montanes-2024-RRSS-Payadores_1x1-768x768.jpg 768w, https:\/\/cultura.sma.gob.ar\/wp-content\/uploads\/2024\/08\/SMA-GE0017-43-Fiesta-Nacional-del-Montanes-2024-RRSS-Payadores_1x1-1536x1536.jpg 1536w, https:\/\/cultura.sma.gob.ar\/wp-content\/uploads\/2024\/08\/SMA-GE0017-43-Fiesta-Nacional-del-Montanes-2024-RRSS-Payadores_1x1-2048x2048.jpg 2048w, https:\/\/cultura.sma.gob.ar\/wp-content\/uploads\/2024\/08\/SMA-GE0017-43-Fiesta-Nacional-del-Montanes-2024-RRSS-Payadores_1x1-90x90.jpg 90w\" sizes=\"auto, (max-width: 1024px) 100vw, 1024px\" \/><\/figure>\n\n\n\n<p>El pr\u00f3ximo domingo 18 de agosto, a las 19:00 hs, se realizar\u00e1 en el Club L\u00e1car un \u201cEncuentro de Payadores\u201d, con la participaci\u00f3n de una decena de artistas populares provenientes de distintas localidades del Neuqu\u00e9n.<\/p>\n\n\n\n<p>El evento, organizado por la Secretar\u00eda Municipal de Cultura con el apoyo de la Legislatura del Neuqu\u00e9n, propone fortalecer la figura del payador neuquino, sus cantores criollos y el quehacer cultural y tradicional de nuestra regi\u00f3n. Se trata de una gran oportunidad para los amantes del g\u00e9nero.<\/p>\n\n\n\n<p>Para la realizaci\u00f3n de este \u201cEncuentro de Payadores\u201d el Club L\u00e1car ofrece su gimnasio principal. Habr\u00e1 buffet a beneficio de las actividades deportivas del Club.<\/p>\n\n\n\n<p><strong>Las entradas tienen un costo de solo $1.000 y estar\u00e1n a la venta en el Teatro San Jos\u00e9, desde el lunes hasta el viernes, entre las 9 y las 18hs. Tambi\u00e9n se ofrecer\u00e1n el d\u00eda del evento, en el Club L\u00e1car, desde una hora antes del comienzo del espect\u00e1culo.<\/strong><\/p>\n\n\n\n<p>El Encuentro de Payadores es parte de la 43\u00aa Fiesta Nacional del Monta\u00f1\u00e9s, que continuar\u00e1 el fin de semana siguiente con el Concurso de Hacheros, el Desfile del Monta\u00f1\u00e9s y el Gran Sorteo de la camioneta Hilux 4 x 4.<\/p>\n","protected":false},"excerpt":{"rendered":"<p>El pr\u00f3ximo domingo 18 de agosto, a las 19:00 hs, se realizar\u00e1 en el Club L\u00e1car un \u201cEncuentro de Payadores\u201d, con la participaci\u00f3n de una decena de artistas populares provenientes de distintas localidades del Neuqu\u00e9n. El evento, organizado por la Secretar\u00eda Municipal de Cultura con el apoyo de la Legislatura del Neuqu\u00e9n, propone fortalecer la figura del payador neuquino, sus cantores criollos y el quehacer &hellip; <a href=\"https:\/\/cultura.sma.gob.ar\/?p=5964\" class=\"more-link\">Continue reading <span class=\"screen-reader-text\">Fiesta del Monta\u00f1\u00e9s: habr\u00e1 un Encuentro de Payadores, con artistas de toda la provincia<\/span><\/a><\/p>\n","protected":false},"author":1,"featured_media":296,"comment_status":"closed","ping_status":"","sticky":false,"template":"","format":"image","meta":{"footnotes":""},"categories":[3,9],"tags":[],"class_list":["post-5964","post","type-post","status-publish","format-image","has-post-thumbnail","hentry","category-eventos-cultura","category-ultimas-noticias","post_format-post-format-image"],"_links":{"self":[{"href":"https:\/\/cultura.sma.gob.ar\/index.php?rest_route=\/wp\/v2\/posts\/5964","targetHints":{"allow":["GET"]}}],"collection":[{"href":"https:\/\/cultura.sma.gob.ar\/index.php?rest_route=\/wp\/v2\/posts"}],"about":[{"href":"https:\/\/cultura.sma.gob.ar\/index.php?rest_route=\/wp\/v2\/types\/post"}],"author":[{"embeddable":true,"href":"https:\/\/cultura.sma.gob.ar\/index.php?rest_route=\/wp\/v2\/users\/1"}],"replies":[{"embeddable":true,"href":"https:\/\/cultura.sma.gob.ar\/index.php?rest_route=%2Fwp%2Fv2%2Fcomments&post=5964"}],"version-history":[{"count":1,"href":"https:\/\/cultura.sma.gob.ar\/index.php?rest_route=\/wp\/v2\/posts\/5964\/revisions"}],"predecessor-version":[{"id":5966,"href":"https:\/\/cultura.sma.gob.ar\/index.php?rest_route=\/wp\/v2\/posts\/5964\/revisions\/5966"}],"wp:featuredmedia":[{"embeddable":true,"href":"https:\/\/cultura.sma.gob.ar\/index.php?rest_route=\/wp\/v2\/media\/296"}],"wp:attachment":[{"href":"https:\/\/cultura.sma.gob.ar\/index.php?rest_route=%2Fwp%2Fv2%2Fmedia&parent=5964"}],"wp:term":[{"taxonomy":"category","embeddable":true,"href":"https:\/\/cultura.sma.gob.ar\/index.php?rest_route=%2Fwp%2Fv2%2Fcategories&post=5964"},{"taxonomy":"post_tag","embeddable":true,"href":"https:\/\/cultura.sma.gob.ar\/index.php?rest_route=%2Fwp%2Fv2%2Ftags&post=5964"}],"curies":[{"name":"wp","href":"https:\/\/api.w.org\/{rel}","templated":true}]}}