{"id":5956,"date":"2024-08-09T11:40:44","date_gmt":"2024-08-09T14:40:44","guid":{"rendered":"http:\/\/cultura.sma.gob.ar\/?p=5956"},"modified":"2024-08-09T11:40:44","modified_gmt":"2024-08-09T14:40:44","slug":"dos-nuevas-muestras-inauguran-este-16-de-agosto-en-la-sala-chapitel","status":"publish","type":"post","link":"https:\/\/cultura.sma.gob.ar\/?p=5956","title":{"rendered":"Dos nuevas muestras inauguran este 16 de agosto en la Sala Chapitel"},"content":{"rendered":"\n<figure class=\"wp-block-image size-large\"><img loading=\"lazy\" decoding=\"async\" width=\"623\" height=\"608\" src=\"https:\/\/cultura.sma.gob.ar\/wp-content\/uploads\/2024\/08\/Screenshot-2024-08-09-11.39.53-AM.png\" alt=\"\" class=\"wp-image-5958\" srcset=\"https:\/\/cultura.sma.gob.ar\/wp-content\/uploads\/2024\/08\/Screenshot-2024-08-09-11.39.53-AM.png 623w, https:\/\/cultura.sma.gob.ar\/wp-content\/uploads\/2024\/08\/Screenshot-2024-08-09-11.39.53-AM-300x293.png 300w, https:\/\/cultura.sma.gob.ar\/wp-content\/uploads\/2024\/08\/Screenshot-2024-08-09-11.39.53-AM-92x90.png 92w\" sizes=\"auto, (max-width: 623px) 100vw, 623px\" \/><\/figure>\n\n\n\n<p><strong>Registro cero. Colectiva gr\u00e1fica: CARTOGRAF\u00cdA EN CLAVE COLECTIVA<br>(gr\u00e1ficas)<\/strong> y <strong>Fernanda Cavallaro: PAISAJE EMOCIONAL (pinturas)<\/strong><\/p>\n\n\n\n<p>Inauguraci\u00f3n: 16 agosto, 20 hs. Hasta el 4 de septiembre de 2024<br>Lunes a viernes de 10 a 12 y de 16 a 20 hs. s\u00e1bado 15 a 19 hs.<br>Entrada abierta y gratuita<br><br>Las propuestas de la Colectiva gr\u00e1fica (un grupo heterodoxo de artistas gr\u00e1ficos y<br>grabadores) y las pinturas de Fernanda Cavallaro, se exhibir\u00e1n en la sala Lidaura Chapitel desde el viernes 16 de agosto a las 20 hs.<\/p>\n\n\n\n<p>Problemas como el territorio y la producci\u00f3n de territorialidad, son los temas que ambas propuestas transitan. Las geograf\u00edas cr\u00edticas y participativas de CARTOGRAF\u00cdA EN PERSPECTIVA COLECTIVA nos dan rutas alternativas en el recorrido mientras que FERNANDA CAVALLARO dialoga \u00edntimamente con el paisaje a trav\u00e9s de lo sensorial y emocional mostr\u00e1ndonos los lazos entre lo interior y exterior.<\/p>\n\n\n\n<figure class=\"wp-block-image size-large\"><img loading=\"lazy\" decoding=\"async\" width=\"623\" height=\"608\" src=\"https:\/\/cultura.sma.gob.ar\/wp-content\/uploads\/2024\/08\/Screenshot-2024-08-09-11.39.45-AM.png\" alt=\"\" class=\"wp-image-5959\" srcset=\"https:\/\/cultura.sma.gob.ar\/wp-content\/uploads\/2024\/08\/Screenshot-2024-08-09-11.39.45-AM.png 623w, https:\/\/cultura.sma.gob.ar\/wp-content\/uploads\/2024\/08\/Screenshot-2024-08-09-11.39.45-AM-300x293.png 300w, https:\/\/cultura.sma.gob.ar\/wp-content\/uploads\/2024\/08\/Screenshot-2024-08-09-11.39.45-AM-92x90.png 92w\" sizes=\"auto, (max-width: 623px) 100vw, 623px\" \/><\/figure>\n\n\n\n<p><strong>ACTIVIDADES QUE SE REALIZAR\u00c1N DURANTE LOS D\u00cdAS DE EXHIBICI\u00d3N<\/strong><\/p>\n\n\n\n<ul class=\"wp-block-list\"><li>Martes 20 de agosto, 10 hs. Experiencias de talla de matrices de diferentes materiales para grabado. A cargo de Registro cero. La colectiva gr\u00e1fica.<\/li><li>Jueves 22 de agosto, 18 hs. Encuentro con la artista. A cargo de Fernanda Cavallaro<\/li><li>Viernes 23 de agosto, 18 hs. Experiencias de estampado e impresi\u00f3n serigr\u00e1fica. A cargo de Registro cero. La colectiva gr\u00e1fica.<\/li><li>Lunes 26 de agosto, 16 hs. Experiencias de talla de tacos de diferentes materiales para grabado. A cargo de Registro cero. La colectiva gr\u00e1fica.<\/li><li>Martes 27 de agosto, 16 hs. Experiencias de talla de tacos de diferentes materiales para grabado.<\/li><li>Viernes 30 de agosto 17 hs. Experiencias de impresiones serigr\u00e1ficas y xilogr\u00e1ficas. Suelta de estampas. M\u00fasica en vivo con las guitarras de Felipe y Gonzalo Barcel\u00f3.<\/li><li>Mi\u00e9rcoles 4, 17 hs. Experiencias de talla de tacos de diferentes materiales para grabado<\/li><\/ul>\n","protected":false},"excerpt":{"rendered":"<p>Registro cero. Colectiva gr\u00e1fica: CARTOGRAF\u00cdA EN CLAVE COLECTIVA(gr\u00e1ficas) y Fernanda Cavallaro: PAISAJE EMOCIONAL (pinturas) Inauguraci\u00f3n: 16 agosto, 20 hs. Hasta el 4 de septiembre de 2024Lunes a viernes de 10 a 12 y de 16 a 20 hs. s\u00e1bado 15 a 19 hs.Entrada abierta y gratuita Las propuestas de la Colectiva gr\u00e1fica (un grupo heterodoxo de artistas gr\u00e1ficos ygrabadores) y las pinturas de Fernanda Cavallaro, &hellip; <a href=\"https:\/\/cultura.sma.gob.ar\/?p=5956\" class=\"more-link\">Continue reading <span class=\"screen-reader-text\">Dos nuevas muestras inauguran este 16 de agosto en la Sala Chapitel<\/span><\/a><\/p>\n","protected":false},"author":1,"featured_media":295,"comment_status":"closed","ping_status":"","sticky":false,"template":"","format":"image","meta":{"footnotes":""},"categories":[6,9],"tags":[],"class_list":["post-5956","post","type-post","status-publish","format-image","has-post-thumbnail","hentry","category-sala-lidaura-chapitel","category-ultimas-noticias","post_format-post-format-image"],"_links":{"self":[{"href":"https:\/\/cultura.sma.gob.ar\/index.php?rest_route=\/wp\/v2\/posts\/5956","targetHints":{"allow":["GET"]}}],"collection":[{"href":"https:\/\/cultura.sma.gob.ar\/index.php?rest_route=\/wp\/v2\/posts"}],"about":[{"href":"https:\/\/cultura.sma.gob.ar\/index.php?rest_route=\/wp\/v2\/types\/post"}],"author":[{"embeddable":true,"href":"https:\/\/cultura.sma.gob.ar\/index.php?rest_route=\/wp\/v2\/users\/1"}],"replies":[{"embeddable":true,"href":"https:\/\/cultura.sma.gob.ar\/index.php?rest_route=%2Fwp%2Fv2%2Fcomments&post=5956"}],"version-history":[{"count":1,"href":"https:\/\/cultura.sma.gob.ar\/index.php?rest_route=\/wp\/v2\/posts\/5956\/revisions"}],"predecessor-version":[{"id":5960,"href":"https:\/\/cultura.sma.gob.ar\/index.php?rest_route=\/wp\/v2\/posts\/5956\/revisions\/5960"}],"wp:featuredmedia":[{"embeddable":true,"href":"https:\/\/cultura.sma.gob.ar\/index.php?rest_route=\/wp\/v2\/media\/295"}],"wp:attachment":[{"href":"https:\/\/cultura.sma.gob.ar\/index.php?rest_route=%2Fwp%2Fv2%2Fmedia&parent=5956"}],"wp:term":[{"taxonomy":"category","embeddable":true,"href":"https:\/\/cultura.sma.gob.ar\/index.php?rest_route=%2Fwp%2Fv2%2Fcategories&post=5956"},{"taxonomy":"post_tag","embeddable":true,"href":"https:\/\/cultura.sma.gob.ar\/index.php?rest_route=%2Fwp%2Fv2%2Ftags&post=5956"}],"curies":[{"name":"wp","href":"https:\/\/api.w.org\/{rel}","templated":true}]}}