{"id":5951,"date":"2024-08-05T10:00:02","date_gmt":"2024-08-05T13:00:02","guid":{"rendered":"http:\/\/cultura.sma.gob.ar\/?p=5951"},"modified":"2024-08-05T10:00:02","modified_gmt":"2024-08-05T13:00:02","slug":"abre-la-convocatoria-para-formar-parte-de-la-comision-directiva-del-trabun","status":"publish","type":"post","link":"https:\/\/cultura.sma.gob.ar\/?p=5951","title":{"rendered":"Abre la convocatoria para formar parte de la Comisi\u00f3n Directiva del TRABUN"},"content":{"rendered":"\n<figure class=\"wp-block-image size-large\"><img loading=\"lazy\" decoding=\"async\" width=\"865\" height=\"528\" src=\"https:\/\/cultura.sma.gob.ar\/wp-content\/uploads\/2024\/08\/Screenshot-2024-08-05-9.59.04-AM.png\" alt=\"\" class=\"wp-image-5952\" srcset=\"https:\/\/cultura.sma.gob.ar\/wp-content\/uploads\/2024\/08\/Screenshot-2024-08-05-9.59.04-AM.png 865w, https:\/\/cultura.sma.gob.ar\/wp-content\/uploads\/2024\/08\/Screenshot-2024-08-05-9.59.04-AM-300x183.png 300w, https:\/\/cultura.sma.gob.ar\/wp-content\/uploads\/2024\/08\/Screenshot-2024-08-05-9.59.04-AM-768x469.png 768w, https:\/\/cultura.sma.gob.ar\/wp-content\/uploads\/2024\/08\/Screenshot-2024-08-05-9.59.04-AM-147x90.png 147w\" sizes=\"auto, (max-width: 865px) 100vw, 865px\" \/><\/figure>\n\n\n\n<p>Desde este lunes 5 de agosto se convoca, en el marco del art\u00edculo 5\u00b0 de la Ordenanza N\u00b0 3855\/2000, a vecinos y vecinas de nuestra ciudad que quieran ser parte de la Comisi\u00f3n Directiva del &#8220;Trab\u00fan, Encuentro de los Pueblos&#8221;.<\/p>\n\n\n\n<p>Las personas interesadas deber\u00e1n dirigirse personalmente a la Secretar\u00eda de Cultura (Capit\u00e1n Drury 655) o comunicarse al tel\u00e9fono 427-315 interno 361 o 364, en el horario de 9 a 14.00 hs.<\/p>\n\n\n\n<p><strong>La convocatoria estar\u00e1 abierta hasta el d\u00eda 16 de agosto de 2024.<\/strong><\/p>\n","protected":false},"excerpt":{"rendered":"<p>Desde este lunes 5 de agosto se convoca, en el marco del art\u00edculo 5\u00b0 de la Ordenanza N\u00b0 3855\/2000, a vecinos y vecinas de nuestra ciudad que quieran ser parte de la Comisi\u00f3n Directiva del &#8220;Trab\u00fan, Encuentro de los Pueblos&#8221;. Las personas interesadas deber\u00e1n dirigirse personalmente a la Secretar\u00eda de Cultura (Capit\u00e1n Drury 655) o comunicarse al tel\u00e9fono 427-315 interno 361 o 364, en el &hellip; <a href=\"https:\/\/cultura.sma.gob.ar\/?p=5951\" class=\"more-link\">Continue reading <span class=\"screen-reader-text\">Abre la convocatoria para formar parte de la Comisi\u00f3n Directiva del TRABUN<\/span><\/a><\/p>\n","protected":false},"author":1,"featured_media":296,"comment_status":"closed","ping_status":"","sticky":false,"template":"","format":"image","meta":{"footnotes":""},"categories":[3,9],"tags":[],"class_list":["post-5951","post","type-post","status-publish","format-image","has-post-thumbnail","hentry","category-eventos-cultura","category-ultimas-noticias","post_format-post-format-image"],"_links":{"self":[{"href":"https:\/\/cultura.sma.gob.ar\/index.php?rest_route=\/wp\/v2\/posts\/5951","targetHints":{"allow":["GET"]}}],"collection":[{"href":"https:\/\/cultura.sma.gob.ar\/index.php?rest_route=\/wp\/v2\/posts"}],"about":[{"href":"https:\/\/cultura.sma.gob.ar\/index.php?rest_route=\/wp\/v2\/types\/post"}],"author":[{"embeddable":true,"href":"https:\/\/cultura.sma.gob.ar\/index.php?rest_route=\/wp\/v2\/users\/1"}],"replies":[{"embeddable":true,"href":"https:\/\/cultura.sma.gob.ar\/index.php?rest_route=%2Fwp%2Fv2%2Fcomments&post=5951"}],"version-history":[{"count":1,"href":"https:\/\/cultura.sma.gob.ar\/index.php?rest_route=\/wp\/v2\/posts\/5951\/revisions"}],"predecessor-version":[{"id":5953,"href":"https:\/\/cultura.sma.gob.ar\/index.php?rest_route=\/wp\/v2\/posts\/5951\/revisions\/5953"}],"wp:featuredmedia":[{"embeddable":true,"href":"https:\/\/cultura.sma.gob.ar\/index.php?rest_route=\/wp\/v2\/media\/296"}],"wp:attachment":[{"href":"https:\/\/cultura.sma.gob.ar\/index.php?rest_route=%2Fwp%2Fv2%2Fmedia&parent=5951"}],"wp:term":[{"taxonomy":"category","embeddable":true,"href":"https:\/\/cultura.sma.gob.ar\/index.php?rest_route=%2Fwp%2Fv2%2Fcategories&post=5951"},{"taxonomy":"post_tag","embeddable":true,"href":"https:\/\/cultura.sma.gob.ar\/index.php?rest_route=%2Fwp%2Fv2%2Ftags&post=5951"}],"curies":[{"name":"wp","href":"https:\/\/api.w.org\/{rel}","templated":true}]}}