{"id":595,"date":"2020-11-04T23:48:01","date_gmt":"2020-11-05T02:48:01","guid":{"rendered":"http:\/\/cultura.sma.gob.ar\/?p=595"},"modified":"2020-11-06T10:57:31","modified_gmt":"2020-11-06T13:57:31","slug":"homenaje-a-luis-sepulveda-14-feria-regional-del-libro","status":"publish","type":"post","link":"https:\/\/cultura.sma.gob.ar\/?p=595","title":{"rendered":"Homenaje a Luis Sep\u00falveda | 14\u00b0 Feria Regional del Libro"},"content":{"rendered":"\n<figure class=\"wp-block-image size-large\"><img loading=\"lazy\" decoding=\"async\" width=\"1024\" height=\"1024\" src=\"http:\/\/cultura.sma.gob.ar\/wp-content\/uploads\/2020\/11\/calendario-fdl-02-1024x1024.jpg\" alt=\"\" class=\"wp-image-643\" srcset=\"https:\/\/cultura.sma.gob.ar\/wp-content\/uploads\/2020\/11\/calendario-fdl-02-1024x1024.jpg 1024w, https:\/\/cultura.sma.gob.ar\/wp-content\/uploads\/2020\/11\/calendario-fdl-02-300x300.jpg 300w, https:\/\/cultura.sma.gob.ar\/wp-content\/uploads\/2020\/11\/calendario-fdl-02-150x150.jpg 150w, https:\/\/cultura.sma.gob.ar\/wp-content\/uploads\/2020\/11\/calendario-fdl-02-768x768.jpg 768w, https:\/\/cultura.sma.gob.ar\/wp-content\/uploads\/2020\/11\/calendario-fdl-02-1536x1536.jpg 1536w, https:\/\/cultura.sma.gob.ar\/wp-content\/uploads\/2020\/11\/calendario-fdl-02-90x90.jpg 90w, https:\/\/cultura.sma.gob.ar\/wp-content\/uploads\/2020\/11\/calendario-fdl-02.jpg 1875w\" sizes=\"auto, (max-width: 1024px) 100vw, 1024px\" \/><\/figure>\n\n\n\n<p>Por <strong>Secretar\u00eda de Cultura e ISFD N\u00b03<\/strong><\/p>\n\n\n\n<ul class=\"wp-block-list\"><li>S\u00e1bado 14 &#8211; 17:15hs &#8211; Presentaci\u00f3n v\u00eda Zoom<\/li><\/ul>\n\n\n\n<p><strong>Luis Sep\u00falveda Calfucura<\/strong>&nbsp; (Ovalle, Chile, 1949 \u2013 Oviedo, Espa\u00f1a, 2020) fue escritor de cuentos y novelas, cineasta y periodista.&nbsp;Tras el golpe de estado encabezado por Pinochet, estuvo encarcelado casi tres a\u00f1os. En 1979 viaj\u00f3 a Nicaragua para participar en la&nbsp;Revoluci\u00f3n Sandinista.<\/p>\n\n\n\n<p>Como escritor salt\u00f3 a la fama en 1989 con \u201cUn viejo que le\u00eda novelas de amor\u201d, inspirada en su convivencia con los shuar del amazonas. En 1997 se radic\u00f3 en&nbsp;Gij\u00f3n, donde fue fundador y director del Sal\u00f3n del Libro Iberoamericano.<\/p>\n\n\n\n<p><strong>Bruno Serrano<\/strong> (Chill\u00e1n, Chile, 1943) es un escritor chileno con importantes&nbsp; premios literarios en su pa\u00eds y el extranjero. Fue amigo personal y compa\u00f1ero de militancia de Luis Sep\u00falveda. Su \u00faltima novela \u201cNuestro Che: un viaje a la utop\u00eda\u201d rememora sus propias vivencias a finales de los a\u00f1os 60.<\/p>\n","protected":false},"excerpt":{"rendered":"<p>Presentaci\u00f3n virtual <a href=\"https:\/\/cultura.sma.gob.ar\/?p=595\" class=\"more-link\">Continue reading <span class=\"screen-reader-text\">Homenaje a Luis Sep\u00falveda | 14\u00b0 Feria Regional del Libro<\/span><\/a><\/p>\n","protected":false},"author":1,"featured_media":296,"comment_status":"closed","ping_status":"","sticky":false,"template":"","format":"image","meta":{"footnotes":""},"categories":[3,9],"tags":[],"class_list":["post-595","post","type-post","status-publish","format-image","has-post-thumbnail","hentry","category-eventos-cultura","category-ultimas-noticias","post_format-post-format-image"],"_links":{"self":[{"href":"https:\/\/cultura.sma.gob.ar\/index.php?rest_route=\/wp\/v2\/posts\/595","targetHints":{"allow":["GET"]}}],"collection":[{"href":"https:\/\/cultura.sma.gob.ar\/index.php?rest_route=\/wp\/v2\/posts"}],"about":[{"href":"https:\/\/cultura.sma.gob.ar\/index.php?rest_route=\/wp\/v2\/types\/post"}],"author":[{"embeddable":true,"href":"https:\/\/cultura.sma.gob.ar\/index.php?rest_route=\/wp\/v2\/users\/1"}],"replies":[{"embeddable":true,"href":"https:\/\/cultura.sma.gob.ar\/index.php?rest_route=%2Fwp%2Fv2%2Fcomments&post=595"}],"version-history":[{"count":3,"href":"https:\/\/cultura.sma.gob.ar\/index.php?rest_route=\/wp\/v2\/posts\/595\/revisions"}],"predecessor-version":[{"id":644,"href":"https:\/\/cultura.sma.gob.ar\/index.php?rest_route=\/wp\/v2\/posts\/595\/revisions\/644"}],"wp:featuredmedia":[{"embeddable":true,"href":"https:\/\/cultura.sma.gob.ar\/index.php?rest_route=\/wp\/v2\/media\/296"}],"wp:attachment":[{"href":"https:\/\/cultura.sma.gob.ar\/index.php?rest_route=%2Fwp%2Fv2%2Fmedia&parent=595"}],"wp:term":[{"taxonomy":"category","embeddable":true,"href":"https:\/\/cultura.sma.gob.ar\/index.php?rest_route=%2Fwp%2Fv2%2Fcategories&post=595"},{"taxonomy":"post_tag","embeddable":true,"href":"https:\/\/cultura.sma.gob.ar\/index.php?rest_route=%2Fwp%2Fv2%2Ftags&post=595"}],"curies":[{"name":"wp","href":"https:\/\/api.w.org\/{rel}","templated":true}]}}