{"id":5946,"date":"2024-08-02T18:16:56","date_gmt":"2024-08-02T21:16:56","guid":{"rendered":"http:\/\/cultura.sma.gob.ar\/?p=5946"},"modified":"2024-08-02T18:16:56","modified_gmt":"2024-08-02T21:16:56","slug":"comienzan-las-inscripciones-para-el-concurso-de-hacheros-hacheras-hacheritos-motosierristas-y-sierras-corvina","status":"publish","type":"post","link":"https:\/\/cultura.sma.gob.ar\/?p=5946","title":{"rendered":"Comienzan las inscripciones para el Concurso de hacheros, hacheras, hacheritos, motosierristas y sierras corvina."},"content":{"rendered":"\n<figure class=\"wp-block-image size-large\"><img loading=\"lazy\" decoding=\"async\" width=\"1024\" height=\"565\" src=\"https:\/\/cultura.sma.gob.ar\/wp-content\/uploads\/2024\/08\/Screenshot-2024-08-02-6.13.45-PM-1024x565.png\" alt=\"\" class=\"wp-image-5947\" srcset=\"https:\/\/cultura.sma.gob.ar\/wp-content\/uploads\/2024\/08\/Screenshot-2024-08-02-6.13.45-PM-1024x565.png 1024w, https:\/\/cultura.sma.gob.ar\/wp-content\/uploads\/2024\/08\/Screenshot-2024-08-02-6.13.45-PM-300x165.png 300w, https:\/\/cultura.sma.gob.ar\/wp-content\/uploads\/2024\/08\/Screenshot-2024-08-02-6.13.45-PM-768x423.png 768w, https:\/\/cultura.sma.gob.ar\/wp-content\/uploads\/2024\/08\/Screenshot-2024-08-02-6.13.45-PM-163x90.png 163w, https:\/\/cultura.sma.gob.ar\/wp-content\/uploads\/2024\/08\/Screenshot-2024-08-02-6.13.45-PM.png 1072w\" sizes=\"auto, (max-width: 1024px) 100vw, 1024px\" \/><\/figure>\n\n\n\n<p>Ya est\u00e1n abiertas las inscripciones para el tradicional Concurso de Hacheros de la Fiesta Nacional del Monta\u00f1\u00e9s, que en esta 43\u00aa edici\u00f3n volver\u00e1 a realizarse en la Avenida San Mart\u00edn, con sus cinco categor\u00edas de participaci\u00f3n: <em>Hacheros<\/em>, <em>Hacheras<\/em>, <em>Hacheritos<\/em>, <em>Motosierristas<\/em> y <em>Sierra Corvina<\/em>.<\/p>\n\n\n\n<p>El evento se llevar\u00e1 a cabo el domingo 25 de agosto. Nuevamente, residentes y turistas podr\u00e1n disfrutar de este tradicional evento que tanto tiene que ver con los or\u00edgenes sanmartinenses y que ya forma parte de nuestra identidad.<\/p>\n\n\n\n<p>Las cinco categor\u00edas de participaci\u00f3n est\u00e1n destinadas a los siguientes competidores:<\/p>\n\n\n\n<p><em>Hacheros<\/em>: varones mayores de 15 a\u00f1os.<\/p>\n\n\n\n<p><em>Hacheras<\/em>: mujeres mayores de 15 a\u00f1os.<\/p>\n\n\n\n<p><em>Hacheritos<\/em>: varones y mujeres de 10 a 14 a\u00f1os.<\/p>\n\n\n\n<p><em>Sierras Corvina<\/em>: varones y mujeres mayores de 15 a\u00f1os.<\/p>\n\n\n\n<p><em>Motosierristas<\/em>: varones y mujeres mayores de 18 a\u00f1os. (Importante: recordar que en esta categor\u00eda se puede participar con motosierras<strong> de motores de <\/strong><strong><em>2 tiempos<\/em><\/strong> <strong>y de hasta 59 cm 3 de cilindrada<\/strong><strong>.&nbsp; Para esta categor\u00eda ser\u00e1 obligatorio, como siempre, uso de EQUIPO DE SEGURIDAD, conformado por <\/strong><strong>pernera<\/strong><strong> y <\/strong><strong>protecci\u00f3n visual.<\/strong><\/p>\n\n\n\n<p>Las inscripciones estar\u00e1n abiertas hasta el 16 de agosto inclusive. Las personas interesadas podr\u00e1n inscribirse de lunes a viernes, de 9 a 15 hs, en la Secretar\u00eda de Cultura (Cap. Drury 665),&nbsp;<strong>presentando DNI<\/strong>.<\/p>\n\n\n\n<p>Los competidores de otras ciudades que deseen inscribirse al concurso deben llamar al tel\u00e9fono fijo de la Secretar\u00eda de Cultura: (02972) 427- 315 ( int. 361)<\/p>\n\n\n\n<div class=\"wp-block-file\"><a href=\"https:\/\/cultura.sma.gob.ar\/wp-content\/uploads\/2024\/08\/descarga-1.pdf\">Bases y condiciones del concurso<\/a><a href=\"https:\/\/cultura.sma.gob.ar\/wp-content\/uploads\/2024\/08\/descarga-1.pdf\" class=\"wp-block-file__button\" download>Descarga<\/a><\/div>\n","protected":false},"excerpt":{"rendered":"<p>Ya est\u00e1n abiertas las inscripciones para el tradicional Concurso de Hacheros de la Fiesta Nacional del Monta\u00f1\u00e9s, que en esta 43\u00aa edici\u00f3n volver\u00e1 a realizarse en la Avenida San Mart\u00edn, con sus cinco categor\u00edas de participaci\u00f3n: Hacheros, Hacheras, Hacheritos, Motosierristas y Sierra Corvina. El evento se llevar\u00e1 a cabo el domingo 25 de agosto. Nuevamente, residentes y turistas podr\u00e1n disfrutar de este tradicional evento que &hellip; <a href=\"https:\/\/cultura.sma.gob.ar\/?p=5946\" class=\"more-link\">Continue reading <span class=\"screen-reader-text\">Comienzan las inscripciones para el Concurso de hacheros, hacheras, hacheritos, motosierristas y sierras corvina.<\/span><\/a><\/p>\n","protected":false},"author":1,"featured_media":296,"comment_status":"closed","ping_status":"","sticky":false,"template":"","format":"image","meta":{"footnotes":""},"categories":[3,1],"tags":[],"class_list":["post-5946","post","type-post","status-publish","format-image","has-post-thumbnail","hentry","category-eventos-cultura","category-sin-categoria","post_format-post-format-image"],"_links":{"self":[{"href":"https:\/\/cultura.sma.gob.ar\/index.php?rest_route=\/wp\/v2\/posts\/5946","targetHints":{"allow":["GET"]}}],"collection":[{"href":"https:\/\/cultura.sma.gob.ar\/index.php?rest_route=\/wp\/v2\/posts"}],"about":[{"href":"https:\/\/cultura.sma.gob.ar\/index.php?rest_route=\/wp\/v2\/types\/post"}],"author":[{"embeddable":true,"href":"https:\/\/cultura.sma.gob.ar\/index.php?rest_route=\/wp\/v2\/users\/1"}],"replies":[{"embeddable":true,"href":"https:\/\/cultura.sma.gob.ar\/index.php?rest_route=%2Fwp%2Fv2%2Fcomments&post=5946"}],"version-history":[{"count":1,"href":"https:\/\/cultura.sma.gob.ar\/index.php?rest_route=\/wp\/v2\/posts\/5946\/revisions"}],"predecessor-version":[{"id":5949,"href":"https:\/\/cultura.sma.gob.ar\/index.php?rest_route=\/wp\/v2\/posts\/5946\/revisions\/5949"}],"wp:featuredmedia":[{"embeddable":true,"href":"https:\/\/cultura.sma.gob.ar\/index.php?rest_route=\/wp\/v2\/media\/296"}],"wp:attachment":[{"href":"https:\/\/cultura.sma.gob.ar\/index.php?rest_route=%2Fwp%2Fv2%2Fmedia&parent=5946"}],"wp:term":[{"taxonomy":"category","embeddable":true,"href":"https:\/\/cultura.sma.gob.ar\/index.php?rest_route=%2Fwp%2Fv2%2Fcategories&post=5946"},{"taxonomy":"post_tag","embeddable":true,"href":"https:\/\/cultura.sma.gob.ar\/index.php?rest_route=%2Fwp%2Fv2%2Ftags&post=5946"}],"curies":[{"name":"wp","href":"https:\/\/api.w.org\/{rel}","templated":true}]}}