{"id":5935,"date":"2024-07-30T12:55:08","date_gmt":"2024-07-30T15:55:08","guid":{"rendered":"http:\/\/cultura.sma.gob.ar\/?p=5935"},"modified":"2024-07-30T12:55:08","modified_gmt":"2024-07-30T15:55:08","slug":"se-estrena-la-obra-epu-este-sabado-en-el-teatro-san-jose","status":"publish","type":"post","link":"https:\/\/cultura.sma.gob.ar\/?p=5935","title":{"rendered":"Se estrena la obra EPU, este s\u00e1bado en el teatro San Jos\u00e9"},"content":{"rendered":"\n<figure class=\"wp-block-image size-large\"><img loading=\"lazy\" decoding=\"async\" width=\"1024\" height=\"1024\" src=\"https:\/\/cultura.sma.gob.ar\/wp-content\/uploads\/2024\/07\/WhatsApp-Image-2024-07-24-at-12.20.09-1024x1024.jpeg\" alt=\"\" class=\"wp-image-5936\" srcset=\"https:\/\/cultura.sma.gob.ar\/wp-content\/uploads\/2024\/07\/WhatsApp-Image-2024-07-24-at-12.20.09-1024x1024.jpeg 1024w, https:\/\/cultura.sma.gob.ar\/wp-content\/uploads\/2024\/07\/WhatsApp-Image-2024-07-24-at-12.20.09-300x300.jpeg 300w, https:\/\/cultura.sma.gob.ar\/wp-content\/uploads\/2024\/07\/WhatsApp-Image-2024-07-24-at-12.20.09-150x150.jpeg 150w, https:\/\/cultura.sma.gob.ar\/wp-content\/uploads\/2024\/07\/WhatsApp-Image-2024-07-24-at-12.20.09-768x768.jpeg 768w, https:\/\/cultura.sma.gob.ar\/wp-content\/uploads\/2024\/07\/WhatsApp-Image-2024-07-24-at-12.20.09-90x90.jpeg 90w, https:\/\/cultura.sma.gob.ar\/wp-content\/uploads\/2024\/07\/WhatsApp-Image-2024-07-24-at-12.20.09.jpeg 1080w\" sizes=\"auto, (max-width: 1024px) 100vw, 1024px\" \/><\/figure>\n\n\n\n<p>S\u00e1bado 3 de agosto, 20:30 hs. Las entradas se reservan en el teatro San Jos\u00e9, con cupos limitados.<\/p>\n\n\n\n<p>Un intento por evaporar la separaci\u00f3n que tenemos como humanidad de la naturaleza. La quietud del \u00a0hielo, el movimiento posterior, suave, gota a gota se multiplica, abre nuevos surcos, nutre el hambre, sacia la sed, vuelve a la fuente. Ingresar en un Pewma con el cuerpo despierto pedir consejo para el buen vivir. La memoria constante para penetrar \u00a0lo impenetrable, con delicadeza, comprender la furia como una fuerza que limpia lo estancado, la potencia necesaria para restablecer el equilibrio. Observar los cambios, aceptar los diversos estados de la materia, habitar lo invisible como vapor de agua. Volverse a la tierra con la bondad del rocio.<\/p>\n\n\n\n<p>Nota: \u2022KOrrer en libertad \u2022KOcrear con memoria\u2022KOmpartir gota a gota, multiplicar \u2022KOoperar regenerando \u2022KOntinuar aprendiendo.<\/p>\n\n\n\n<p>Composici\u00f3n y Montaje: Cristian Sayhueque \u2022 Emilia Tosar<br>Asistencia:Ana Mugueta \u2022 Celeste Contreras<br>Instalaciones:Valeria Conte MacDonell<br>T\u00e9cnica de luces y dise\u00f1o gr\u00e1fico: Micaela Herz<br>T\u00e9cnico de sonido: Ra\u00fal Pina<br>Arreglo musicales en So\u00f1\u00e9:\u00a0Tomas Stankatti<\/p>\n","protected":false},"excerpt":{"rendered":"<p>S\u00e1bado 3 de agosto, 20:30 hs. Las entradas se reservan en el teatro San Jos\u00e9, con cupos limitados. Un intento por evaporar la separaci\u00f3n que tenemos como humanidad de la naturaleza. La quietud del \u00a0hielo, el movimiento posterior, suave, gota a gota se multiplica, abre nuevos surcos, nutre el hambre, sacia la sed, vuelve a la fuente. Ingresar en un Pewma con el cuerpo despierto &hellip; <a href=\"https:\/\/cultura.sma.gob.ar\/?p=5935\" class=\"more-link\">Continue reading <span class=\"screen-reader-text\">Se estrena la obra EPU, este s\u00e1bado en el teatro San Jos\u00e9<\/span><\/a><\/p>\n","protected":false},"author":1,"featured_media":292,"comment_status":"closed","ping_status":"","sticky":false,"template":"","format":"image","meta":{"footnotes":""},"categories":[2,8,9],"tags":[],"class_list":["post-5935","post","type-post","status-publish","format-image","has-post-thumbnail","hentry","category-ciudad-cultural","category-teatro-san-jose","category-ultimas-noticias","post_format-post-format-image"],"_links":{"self":[{"href":"https:\/\/cultura.sma.gob.ar\/index.php?rest_route=\/wp\/v2\/posts\/5935","targetHints":{"allow":["GET"]}}],"collection":[{"href":"https:\/\/cultura.sma.gob.ar\/index.php?rest_route=\/wp\/v2\/posts"}],"about":[{"href":"https:\/\/cultura.sma.gob.ar\/index.php?rest_route=\/wp\/v2\/types\/post"}],"author":[{"embeddable":true,"href":"https:\/\/cultura.sma.gob.ar\/index.php?rest_route=\/wp\/v2\/users\/1"}],"replies":[{"embeddable":true,"href":"https:\/\/cultura.sma.gob.ar\/index.php?rest_route=%2Fwp%2Fv2%2Fcomments&post=5935"}],"version-history":[{"count":1,"href":"https:\/\/cultura.sma.gob.ar\/index.php?rest_route=\/wp\/v2\/posts\/5935\/revisions"}],"predecessor-version":[{"id":5937,"href":"https:\/\/cultura.sma.gob.ar\/index.php?rest_route=\/wp\/v2\/posts\/5935\/revisions\/5937"}],"wp:featuredmedia":[{"embeddable":true,"href":"https:\/\/cultura.sma.gob.ar\/index.php?rest_route=\/wp\/v2\/media\/292"}],"wp:attachment":[{"href":"https:\/\/cultura.sma.gob.ar\/index.php?rest_route=%2Fwp%2Fv2%2Fmedia&parent=5935"}],"wp:term":[{"taxonomy":"category","embeddable":true,"href":"https:\/\/cultura.sma.gob.ar\/index.php?rest_route=%2Fwp%2Fv2%2Fcategories&post=5935"},{"taxonomy":"post_tag","embeddable":true,"href":"https:\/\/cultura.sma.gob.ar\/index.php?rest_route=%2Fwp%2Fv2%2Ftags&post=5935"}],"curies":[{"name":"wp","href":"https:\/\/api.w.org\/{rel}","templated":true}]}}