{"id":5931,"date":"2024-07-30T10:20:51","date_gmt":"2024-07-30T13:20:51","guid":{"rendered":"http:\/\/cultura.sma.gob.ar\/?p=5931"},"modified":"2024-07-30T10:20:51","modified_gmt":"2024-07-30T13:20:51","slug":"unica-proyeccion-del-film-ricardo-vilca-quebrada-musica-y-silencio-en-cotesma","status":"publish","type":"post","link":"https:\/\/cultura.sma.gob.ar\/?p=5931","title":{"rendered":"\u00danica proyecci\u00f3n del film \u201cRicardo Vilca: Quebrada, M\u00fasica y Silencio-\u201d en Cotesma"},"content":{"rendered":"\n<figure class=\"wp-block-image size-large\"><img loading=\"lazy\" decoding=\"async\" width=\"735\" height=\"562\" src=\"https:\/\/cultura.sma.gob.ar\/wp-content\/uploads\/2024\/07\/Screenshot-2024-07-30-10.19.44-AM.png\" alt=\"\" class=\"wp-image-5932\" srcset=\"https:\/\/cultura.sma.gob.ar\/wp-content\/uploads\/2024\/07\/Screenshot-2024-07-30-10.19.44-AM.png 735w, https:\/\/cultura.sma.gob.ar\/wp-content\/uploads\/2024\/07\/Screenshot-2024-07-30-10.19.44-AM-300x229.png 300w, https:\/\/cultura.sma.gob.ar\/wp-content\/uploads\/2024\/07\/Screenshot-2024-07-30-10.19.44-AM-118x90.png 118w\" sizes=\"auto, (max-width: 735px) 100vw, 735px\" \/><\/figure>\n\n\n\n<p>Luego de las excelentes cr\u00edticas recibidas y de la gran respuesta del p\u00fablico que acompa\u00f1\u00f3 su paso en el cine Gaumont de Capital Federal, llega al Centro Cultural Cotesma el documental\u00a0<em>\u201cRICARDO VILCA -Quebrada, M\u00fasica y Silencio-\u201d<\/em>, con direcci\u00f3n de Javier Garc\u00eda.\u00a0Esta\u00a0\u00fanica proyecci\u00f3n ser\u00e1\u00a0el s\u00e1bado 3 de\u00a0agosto, a las 20.30 hs, con un valor de entrada popular y descuento para estudiantes y jubilados.\u00a0Adem\u00e1s, contar\u00e1 con la presencia del director, que presentar\u00e1 la pel\u00edcula y conversar\u00e1 con el p\u00fablico sobre el film.<\/p>\n\n\n\n<figure class=\"wp-block-embed-youtube wp-block-embed is-type-video is-provider-youtube wp-embed-aspect-16-9 wp-has-aspect-ratio\"><div class=\"wp-block-embed__wrapper\">\n<iframe loading=\"lazy\" title=\"TRAILER RICARDO VILCA -Quebrada, M\u00fasica y Silencio-\" width=\"720\" height=\"405\" src=\"https:\/\/www.youtube.com\/embed\/axOqk4gzpGg?feature=oembed\" frameborder=\"0\" allow=\"accelerometer; autoplay; clipboard-write; encrypted-media; gyroscope; picture-in-picture; web-share\" referrerpolicy=\"strict-origin-when-cross-origin\" allowfullscreen><\/iframe>\n<\/div><\/figure>\n","protected":false},"excerpt":{"rendered":"<p>Luego de las excelentes cr\u00edticas recibidas y de la gran respuesta del p\u00fablico que acompa\u00f1\u00f3 su paso en el cine Gaumont de Capital Federal, llega al Centro Cultural Cotesma el documental\u00a0\u201cRICARDO VILCA -Quebrada, M\u00fasica y Silencio-\u201d, con direcci\u00f3n de Javier Garc\u00eda.\u00a0Esta\u00a0\u00fanica proyecci\u00f3n ser\u00e1\u00a0el s\u00e1bado 3 de\u00a0agosto, a las 20.30 hs, con un valor de entrada popular y descuento para estudiantes y jubilados.\u00a0Adem\u00e1s, contar\u00e1 con la &hellip; <a href=\"https:\/\/cultura.sma.gob.ar\/?p=5931\" class=\"more-link\">Continue reading <span class=\"screen-reader-text\">\u00danica proyecci\u00f3n del film \u201cRicardo Vilca: Quebrada, M\u00fasica y Silencio-\u201d en Cotesma<\/span><\/a><\/p>\n","protected":false},"author":1,"featured_media":297,"comment_status":"closed","ping_status":"","sticky":false,"template":"","format":"image","meta":{"footnotes":""},"categories":[2,9],"tags":[],"class_list":["post-5931","post","type-post","status-publish","format-image","has-post-thumbnail","hentry","category-ciudad-cultural","category-ultimas-noticias","post_format-post-format-image"],"_links":{"self":[{"href":"https:\/\/cultura.sma.gob.ar\/index.php?rest_route=\/wp\/v2\/posts\/5931","targetHints":{"allow":["GET"]}}],"collection":[{"href":"https:\/\/cultura.sma.gob.ar\/index.php?rest_route=\/wp\/v2\/posts"}],"about":[{"href":"https:\/\/cultura.sma.gob.ar\/index.php?rest_route=\/wp\/v2\/types\/post"}],"author":[{"embeddable":true,"href":"https:\/\/cultura.sma.gob.ar\/index.php?rest_route=\/wp\/v2\/users\/1"}],"replies":[{"embeddable":true,"href":"https:\/\/cultura.sma.gob.ar\/index.php?rest_route=%2Fwp%2Fv2%2Fcomments&post=5931"}],"version-history":[{"count":1,"href":"https:\/\/cultura.sma.gob.ar\/index.php?rest_route=\/wp\/v2\/posts\/5931\/revisions"}],"predecessor-version":[{"id":5933,"href":"https:\/\/cultura.sma.gob.ar\/index.php?rest_route=\/wp\/v2\/posts\/5931\/revisions\/5933"}],"wp:featuredmedia":[{"embeddable":true,"href":"https:\/\/cultura.sma.gob.ar\/index.php?rest_route=\/wp\/v2\/media\/297"}],"wp:attachment":[{"href":"https:\/\/cultura.sma.gob.ar\/index.php?rest_route=%2Fwp%2Fv2%2Fmedia&parent=5931"}],"wp:term":[{"taxonomy":"category","embeddable":true,"href":"https:\/\/cultura.sma.gob.ar\/index.php?rest_route=%2Fwp%2Fv2%2Fcategories&post=5931"},{"taxonomy":"post_tag","embeddable":true,"href":"https:\/\/cultura.sma.gob.ar\/index.php?rest_route=%2Fwp%2Fv2%2Ftags&post=5931"}],"curies":[{"name":"wp","href":"https:\/\/api.w.org\/{rel}","templated":true}]}}