{"id":5927,"date":"2024-07-26T16:18:28","date_gmt":"2024-07-26T19:18:28","guid":{"rendered":"http:\/\/cultura.sma.gob.ar\/?p=5927"},"modified":"2024-07-26T16:18:28","modified_gmt":"2024-07-26T19:18:28","slug":"convocatoria-a-participar-del-desfile-del-montanes-43-fiesta-nacional-del-montanes","status":"publish","type":"post","link":"https:\/\/cultura.sma.gob.ar\/?p=5927","title":{"rendered":"Convocatoria a participar del Desfile del Monta\u00f1\u00e9s \u2013 43\u00b0 Fiesta Nacional del Monta\u00f1\u00e9s"},"content":{"rendered":"\n<figure class=\"wp-block-image size-large\"><img loading=\"lazy\" decoding=\"async\" width=\"1024\" height=\"546\" src=\"https:\/\/cultura.sma.gob.ar\/wp-content\/uploads\/2024\/07\/desfiledelmonta\u05e1\u05d9s.jpg\" alt=\"\" class=\"wp-image-5928\" srcset=\"https:\/\/cultura.sma.gob.ar\/wp-content\/uploads\/2024\/07\/desfiledelmonta\u05e1\u05d9s.jpg 1024w, https:\/\/cultura.sma.gob.ar\/wp-content\/uploads\/2024\/07\/desfiledelmonta\u05e1\u05d9s-300x160.jpg 300w, https:\/\/cultura.sma.gob.ar\/wp-content\/uploads\/2024\/07\/desfiledelmonta\u05e1\u05d9s-768x410.jpg 768w, https:\/\/cultura.sma.gob.ar\/wp-content\/uploads\/2024\/07\/desfiledelmonta\u05e1\u05d9s-169x90.jpg 169w\" sizes=\"auto, (max-width: 1024px) 100vw, 1024px\" \/><\/figure>\n\n\n\n<p><br>La Secretar\u00eda de Cultura de San Mart\u00edn de los Andes invita a <strong>clubes, asociaciones e<br>instituciones relacionadas a actividades de monta\u00f1a<\/strong> a participar del tradicional desfile, que este a\u00f1o volver\u00e1 a ser parte de la programaci\u00f3n de la 43\u00b0 Fiesta Nacional del Monta\u00f1\u00e9s.<\/p>\n\n\n\n<p><strong>El Desfile del Monta\u00f1\u00e9s tendr\u00e1 lugar el d\u00eda domingo 25 de agosto sobre la Avenida San Mart\u00edn a partir de las 18.00hs.<\/strong><\/p>\n\n\n\n<p><strong>Las inscripciones<\/strong> al desfile se realizan a trav\u00e9s del siguiente formulario <strong>hasta el d\u00eda 9 de agosto<\/strong>: https:\/\/forms.gle\/Pv6he4k9cbuRahJ97<\/p>\n","protected":false},"excerpt":{"rendered":"<p>La Secretar\u00eda de Cultura de San Mart\u00edn de los Andes invita a clubes, asociaciones einstituciones relacionadas a actividades de monta\u00f1a a participar del tradicional desfile, que este a\u00f1o volver\u00e1 a ser parte de la programaci\u00f3n de la 43\u00b0 Fiesta Nacional del Monta\u00f1\u00e9s. El Desfile del Monta\u00f1\u00e9s tendr\u00e1 lugar el d\u00eda domingo 25 de agosto sobre la Avenida San Mart\u00edn a partir de las 18.00hs. Las &hellip; <a href=\"https:\/\/cultura.sma.gob.ar\/?p=5927\" class=\"more-link\">Continue reading <span class=\"screen-reader-text\">Convocatoria a participar del Desfile del Monta\u00f1\u00e9s \u2013 43\u00b0 Fiesta Nacional del Monta\u00f1\u00e9s<\/span><\/a><\/p>\n","protected":false},"author":1,"featured_media":296,"comment_status":"closed","ping_status":"","sticky":false,"template":"","format":"image","meta":{"footnotes":""},"categories":[3,9],"tags":[],"class_list":["post-5927","post","type-post","status-publish","format-image","has-post-thumbnail","hentry","category-eventos-cultura","category-ultimas-noticias","post_format-post-format-image"],"_links":{"self":[{"href":"https:\/\/cultura.sma.gob.ar\/index.php?rest_route=\/wp\/v2\/posts\/5927","targetHints":{"allow":["GET"]}}],"collection":[{"href":"https:\/\/cultura.sma.gob.ar\/index.php?rest_route=\/wp\/v2\/posts"}],"about":[{"href":"https:\/\/cultura.sma.gob.ar\/index.php?rest_route=\/wp\/v2\/types\/post"}],"author":[{"embeddable":true,"href":"https:\/\/cultura.sma.gob.ar\/index.php?rest_route=\/wp\/v2\/users\/1"}],"replies":[{"embeddable":true,"href":"https:\/\/cultura.sma.gob.ar\/index.php?rest_route=%2Fwp%2Fv2%2Fcomments&post=5927"}],"version-history":[{"count":1,"href":"https:\/\/cultura.sma.gob.ar\/index.php?rest_route=\/wp\/v2\/posts\/5927\/revisions"}],"predecessor-version":[{"id":5929,"href":"https:\/\/cultura.sma.gob.ar\/index.php?rest_route=\/wp\/v2\/posts\/5927\/revisions\/5929"}],"wp:featuredmedia":[{"embeddable":true,"href":"https:\/\/cultura.sma.gob.ar\/index.php?rest_route=\/wp\/v2\/media\/296"}],"wp:attachment":[{"href":"https:\/\/cultura.sma.gob.ar\/index.php?rest_route=%2Fwp%2Fv2%2Fmedia&parent=5927"}],"wp:term":[{"taxonomy":"category","embeddable":true,"href":"https:\/\/cultura.sma.gob.ar\/index.php?rest_route=%2Fwp%2Fv2%2Fcategories&post=5927"},{"taxonomy":"post_tag","embeddable":true,"href":"https:\/\/cultura.sma.gob.ar\/index.php?rest_route=%2Fwp%2Fv2%2Ftags&post=5927"}],"curies":[{"name":"wp","href":"https:\/\/api.w.org\/{rel}","templated":true}]}}