{"id":5920,"date":"2024-07-24T16:41:12","date_gmt":"2024-07-24T19:41:12","guid":{"rendered":"http:\/\/cultura.sma.gob.ar\/?p=5920"},"modified":"2024-07-24T16:41:13","modified_gmt":"2024-07-24T19:41:13","slug":"tormenta-de-fuego-el-film-que-narra-uno-de-los-mayores-incendios-ocurridos-en-la-patagonia","status":"publish","type":"post","link":"https:\/\/cultura.sma.gob.ar\/?p=5920","title":{"rendered":"\u00abTormenta de fuego\u00bb: el film que narra uno de los mayores incendios ocurridos en la Patagonia"},"content":{"rendered":"\n<figure class=\"wp-block-image size-large\"><img loading=\"lazy\" decoding=\"async\" width=\"1024\" height=\"1024\" src=\"https:\/\/cultura.sma.gob.ar\/wp-content\/uploads\/2024\/07\/WhatsApp-Image-2024-07-24-at-4.07.43-PM-1024x1024.jpeg\" alt=\"\" class=\"wp-image-5921\" srcset=\"https:\/\/cultura.sma.gob.ar\/wp-content\/uploads\/2024\/07\/WhatsApp-Image-2024-07-24-at-4.07.43-PM-1024x1024.jpeg 1024w, https:\/\/cultura.sma.gob.ar\/wp-content\/uploads\/2024\/07\/WhatsApp-Image-2024-07-24-at-4.07.43-PM-300x300.jpeg 300w, https:\/\/cultura.sma.gob.ar\/wp-content\/uploads\/2024\/07\/WhatsApp-Image-2024-07-24-at-4.07.43-PM-150x150.jpeg 150w, https:\/\/cultura.sma.gob.ar\/wp-content\/uploads\/2024\/07\/WhatsApp-Image-2024-07-24-at-4.07.43-PM-768x768.jpeg 768w, https:\/\/cultura.sma.gob.ar\/wp-content\/uploads\/2024\/07\/WhatsApp-Image-2024-07-24-at-4.07.43-PM-90x90.jpeg 90w, https:\/\/cultura.sma.gob.ar\/wp-content\/uploads\/2024\/07\/WhatsApp-Image-2024-07-24-at-4.07.43-PM.jpeg 1080w\" sizes=\"auto, (max-width: 1024px) 100vw, 1024px\" \/><\/figure>\n\n\n\n<p>El 9 de marzo del 2021,\u00a0m\u00faltiples foco de incendio arrasaron unas 14 mil hect\u00e1reas de bosques, decenas de hogares y hasta vidas humanas la localidad de El Hoyo. El realizador viedmense Luciano Nacci logr\u00f3, con la colaboraci\u00f3n de la comunidad de El Bols\u00f3n, filmar la devastaci\u00f3n y narr\u00f3 la dimensi\u00f3n humana de la tragedia. La pel\u00edcula se proyectar\u00e1 el 1 y 2 de agosto en el Centro Cultural Cotesma, a las 20:30hs, con la presencia del director. <\/p>\n\n\n\n<p>Eran alrededor de las 14 del martes 9 de marzo de 2021 cuando una columna de humo comenz\u00f3 a verse desde la monta\u00f1a. Pocas horas despu\u00e9s, esa columna de humo se hab\u00eda convertido en la m\u00e1s feroz de los incendios sucedidos hasta entonces en la zona de El Hoyo y Golondrinas, bell\u00edsimas locaciones andinas chubutenses ubicadas a pocos kil\u00f3metros al sur de El Bols\u00f3n.<\/p>\n\n\n\n<p>El film retrata los hechos ocurridos a partir de los incendios sufridos en la provincia de Chubut. El fuego arras\u00f3 con m\u00e1s de 14 mil hect\u00e1reas de bosques, m\u00e1s de 300 viviendas y la vida de varias personas. A trav\u00e9s de varios testimonios de los sobrevivientes, las brigadas, la comunidad mapuche y los municipios, se indaga sobre el incendio mas grande de la historia Argentina.<\/p>\n","protected":false},"excerpt":{"rendered":"<p>El 9 de marzo del 2021,\u00a0m\u00faltiples foco de incendio arrasaron unas 14 mil hect\u00e1reas de bosques, decenas de hogares y hasta vidas humanas la localidad de El Hoyo. El realizador viedmense Luciano Nacci logr\u00f3, con la colaboraci\u00f3n de la comunidad de El Bols\u00f3n, filmar la devastaci\u00f3n y narr\u00f3 la dimensi\u00f3n humana de la tragedia. La pel\u00edcula se proyectar\u00e1 el 1 y 2 de agosto en &hellip; <a href=\"https:\/\/cultura.sma.gob.ar\/?p=5920\" class=\"more-link\">Continue reading <span class=\"screen-reader-text\">\u00abTormenta de fuego\u00bb: el film que narra uno de los mayores incendios ocurridos en la Patagonia<\/span><\/a><\/p>\n","protected":false},"author":1,"featured_media":297,"comment_status":"closed","ping_status":"","sticky":false,"template":"","format":"image","meta":{"footnotes":""},"categories":[2,9],"tags":[],"class_list":["post-5920","post","type-post","status-publish","format-image","has-post-thumbnail","hentry","category-ciudad-cultural","category-ultimas-noticias","post_format-post-format-image"],"_links":{"self":[{"href":"https:\/\/cultura.sma.gob.ar\/index.php?rest_route=\/wp\/v2\/posts\/5920","targetHints":{"allow":["GET"]}}],"collection":[{"href":"https:\/\/cultura.sma.gob.ar\/index.php?rest_route=\/wp\/v2\/posts"}],"about":[{"href":"https:\/\/cultura.sma.gob.ar\/index.php?rest_route=\/wp\/v2\/types\/post"}],"author":[{"embeddable":true,"href":"https:\/\/cultura.sma.gob.ar\/index.php?rest_route=\/wp\/v2\/users\/1"}],"replies":[{"embeddable":true,"href":"https:\/\/cultura.sma.gob.ar\/index.php?rest_route=%2Fwp%2Fv2%2Fcomments&post=5920"}],"version-history":[{"count":1,"href":"https:\/\/cultura.sma.gob.ar\/index.php?rest_route=\/wp\/v2\/posts\/5920\/revisions"}],"predecessor-version":[{"id":5922,"href":"https:\/\/cultura.sma.gob.ar\/index.php?rest_route=\/wp\/v2\/posts\/5920\/revisions\/5922"}],"wp:featuredmedia":[{"embeddable":true,"href":"https:\/\/cultura.sma.gob.ar\/index.php?rest_route=\/wp\/v2\/media\/297"}],"wp:attachment":[{"href":"https:\/\/cultura.sma.gob.ar\/index.php?rest_route=%2Fwp%2Fv2%2Fmedia&parent=5920"}],"wp:term":[{"taxonomy":"category","embeddable":true,"href":"https:\/\/cultura.sma.gob.ar\/index.php?rest_route=%2Fwp%2Fv2%2Fcategories&post=5920"},{"taxonomy":"post_tag","embeddable":true,"href":"https:\/\/cultura.sma.gob.ar\/index.php?rest_route=%2Fwp%2Fv2%2Ftags&post=5920"}],"curies":[{"name":"wp","href":"https:\/\/api.w.org\/{rel}","templated":true}]}}