{"id":592,"date":"2020-11-04T23:42:23","date_gmt":"2020-11-05T02:42:23","guid":{"rendered":"http:\/\/cultura.sma.gob.ar\/?p=592"},"modified":"2020-11-04T23:42:23","modified_gmt":"2020-11-05T02:42:23","slug":"natalia-belenguer-14-feria-regional-del-libro","status":"publish","type":"post","link":"https:\/\/cultura.sma.gob.ar\/?p=592","title":{"rendered":"Natalia Belenguer | 14\u00b0 Feria Regional del Libro"},"content":{"rendered":"\n<figure class=\"wp-block-image size-large\"><img loading=\"lazy\" decoding=\"async\" width=\"777\" height=\"787\" src=\"http:\/\/cultura.sma.gob.ar\/wp-content\/uploads\/2020\/11\/NATALIA-BELENGUER.png\" alt=\"\" class=\"wp-image-593\" srcset=\"https:\/\/cultura.sma.gob.ar\/wp-content\/uploads\/2020\/11\/NATALIA-BELENGUER.png 777w, https:\/\/cultura.sma.gob.ar\/wp-content\/uploads\/2020\/11\/NATALIA-BELENGUER-296x300.png 296w, https:\/\/cultura.sma.gob.ar\/wp-content\/uploads\/2020\/11\/NATALIA-BELENGUER-768x778.png 768w, https:\/\/cultura.sma.gob.ar\/wp-content\/uploads\/2020\/11\/NATALIA-BELENGUER-89x90.png 89w\" sizes=\"auto, (max-width: 777px) 100vw, 777px\" \/><\/figure>\n\n\n\n<p>Por <strong>Ediciones de La Grieta<\/strong><\/p>\n\n\n\n<ul class=\"wp-block-list\"><li>Jueves 12 &#8211; 21hs &#8211; Presentaci\u00f3n v\u00eda Zoom<\/li><\/ul>\n\n\n\n<p>En \u201cEl para\u00edso tembl\u00f3\u201d la autora recopila relatos orales sobre el terremoto de 1960 en la Cordillera de los Andes.<\/p>\n\n\n\n<p><strong>Natalia Belenguer<\/strong> (Bah\u00eda Blanca, 1969)\u00a0 es Profesora y Licenciada en Letras. Reside en Villa la Angostura y trabaja en el Instituto Superior de Formaci\u00f3n Docente N\u00b0 3. Particip\u00f3 en\u00a0becas de cr\u00edtica y producci\u00f3n po\u00e9tica\u00a0organizados por\u00a0 la Revista Vox y public\u00f3 en varias antolog\u00edas de cuento y poes\u00eda.\u00a0<\/p>\n","protected":false},"excerpt":{"rendered":"<p>Presentaci\u00f3n virtual <a href=\"https:\/\/cultura.sma.gob.ar\/?p=592\" class=\"more-link\">Continue reading <span class=\"screen-reader-text\">Natalia Belenguer | 14\u00b0 Feria Regional del Libro<\/span><\/a><\/p>\n","protected":false},"author":1,"featured_media":296,"comment_status":"closed","ping_status":"","sticky":false,"template":"","format":"image","meta":{"footnotes":""},"categories":[3,9],"tags":[],"class_list":["post-592","post","type-post","status-publish","format-image","has-post-thumbnail","hentry","category-eventos-cultura","category-ultimas-noticias","post_format-post-format-image"],"_links":{"self":[{"href":"https:\/\/cultura.sma.gob.ar\/index.php?rest_route=\/wp\/v2\/posts\/592","targetHints":{"allow":["GET"]}}],"collection":[{"href":"https:\/\/cultura.sma.gob.ar\/index.php?rest_route=\/wp\/v2\/posts"}],"about":[{"href":"https:\/\/cultura.sma.gob.ar\/index.php?rest_route=\/wp\/v2\/types\/post"}],"author":[{"embeddable":true,"href":"https:\/\/cultura.sma.gob.ar\/index.php?rest_route=\/wp\/v2\/users\/1"}],"replies":[{"embeddable":true,"href":"https:\/\/cultura.sma.gob.ar\/index.php?rest_route=%2Fwp%2Fv2%2Fcomments&post=592"}],"version-history":[{"count":1,"href":"https:\/\/cultura.sma.gob.ar\/index.php?rest_route=\/wp\/v2\/posts\/592\/revisions"}],"predecessor-version":[{"id":594,"href":"https:\/\/cultura.sma.gob.ar\/index.php?rest_route=\/wp\/v2\/posts\/592\/revisions\/594"}],"wp:featuredmedia":[{"embeddable":true,"href":"https:\/\/cultura.sma.gob.ar\/index.php?rest_route=\/wp\/v2\/media\/296"}],"wp:attachment":[{"href":"https:\/\/cultura.sma.gob.ar\/index.php?rest_route=%2Fwp%2Fv2%2Fmedia&parent=592"}],"wp:term":[{"taxonomy":"category","embeddable":true,"href":"https:\/\/cultura.sma.gob.ar\/index.php?rest_route=%2Fwp%2Fv2%2Fcategories&post=592"},{"taxonomy":"post_tag","embeddable":true,"href":"https:\/\/cultura.sma.gob.ar\/index.php?rest_route=%2Fwp%2Fv2%2Ftags&post=592"}],"curies":[{"name":"wp","href":"https:\/\/api.w.org\/{rel}","templated":true}]}}