{"id":5906,"date":"2024-07-18T16:33:14","date_gmt":"2024-07-18T19:33:14","guid":{"rendered":"http:\/\/cultura.sma.gob.ar\/?p=5906"},"modified":"2024-07-18T16:33:14","modified_gmt":"2024-07-18T19:33:14","slug":"seminario-de-danzas-de-la-tierra-colorada","status":"publish","type":"post","link":"https:\/\/cultura.sma.gob.ar\/?p=5906","title":{"rendered":"Seminario de Danzas de la tierra colorada"},"content":{"rendered":"\n<figure class=\"wp-block-image size-large\"><img loading=\"lazy\" decoding=\"async\" width=\"1024\" height=\"1024\" src=\"https:\/\/cultura.sma.gob.ar\/wp-content\/uploads\/2024\/07\/WhatsApp-Image-2024-07-18-at-3.11.21-PM-1024x1024.jpeg\" alt=\"\" class=\"wp-image-5907\" srcset=\"https:\/\/cultura.sma.gob.ar\/wp-content\/uploads\/2024\/07\/WhatsApp-Image-2024-07-18-at-3.11.21-PM-1024x1024.jpeg 1024w, https:\/\/cultura.sma.gob.ar\/wp-content\/uploads\/2024\/07\/WhatsApp-Image-2024-07-18-at-3.11.21-PM-300x300.jpeg 300w, https:\/\/cultura.sma.gob.ar\/wp-content\/uploads\/2024\/07\/WhatsApp-Image-2024-07-18-at-3.11.21-PM-150x150.jpeg 150w, https:\/\/cultura.sma.gob.ar\/wp-content\/uploads\/2024\/07\/WhatsApp-Image-2024-07-18-at-3.11.21-PM-768x768.jpeg 768w, https:\/\/cultura.sma.gob.ar\/wp-content\/uploads\/2024\/07\/WhatsApp-Image-2024-07-18-at-3.11.21-PM-1536x1536.jpeg 1536w, https:\/\/cultura.sma.gob.ar\/wp-content\/uploads\/2024\/07\/WhatsApp-Image-2024-07-18-at-3.11.21-PM-90x90.jpeg 90w, https:\/\/cultura.sma.gob.ar\/wp-content\/uploads\/2024\/07\/WhatsApp-Image-2024-07-18-at-3.11.21-PM.jpeg 1600w\" sizes=\"auto, (max-width: 1024px) 100vw, 1024px\" \/><\/figure>\n\n\n\n<p>El seminario &#8220;Danzas de la Tierra Colorada&#8221; es una iniciativa cultural destinada a difundir y preservar las tradiciones danc\u00edsticas de la Provincia de Misiones.<\/p>\n\n\n\n<p>Los participantes tendr\u00e1n la oportunidad de sumergirse en las ra\u00edces culturales misioneras, aprendiendo y practicando sus ritmos y estilos populares con danzas y bailes como el Chotis Misionero, el Vaner\u00f3n, la Polquita Rural, la Galopa Misionera y el Chamam\u00e9.<\/p>\n\n\n\n<p>\ud83d\udcccDIRIGIDO A: Publico en general interesado en conocer, pasos y figuras b\u00e1sicas para bailar nuestras danzas.<br>\u2705NO SE REQUIERE EXPERIENCIA PREVIA.<br>\u2705NO SE REQUIERE ASISTIR EN PAREJA.<\/p>\n\n\n\n<p>*Se otorgar\u00e1n certificados de participaci\u00f3n y material de apoyo en formato digital.<\/p>\n\n\n\n<p>\u00a1CUPOS LIMITADOS!<\/p>\n","protected":false},"excerpt":{"rendered":"<p>El seminario &#8220;Danzas de la Tierra Colorada&#8221; es una iniciativa cultural destinada a difundir y preservar las tradiciones danc\u00edsticas de la Provincia de Misiones. Los participantes tendr\u00e1n la oportunidad de sumergirse en las ra\u00edces culturales misioneras, aprendiendo y practicando sus ritmos y estilos populares con danzas y bailes como el Chotis Misionero, el Vaner\u00f3n, la Polquita Rural, la Galopa Misionera y el Chamam\u00e9. \ud83d\udcccDIRIGIDO A: &hellip; <a href=\"https:\/\/cultura.sma.gob.ar\/?p=5906\" class=\"more-link\">Continue reading <span class=\"screen-reader-text\">Seminario de Danzas de la tierra colorada<\/span><\/a><\/p>\n","protected":false},"author":1,"featured_media":297,"comment_status":"closed","ping_status":"","sticky":false,"template":"","format":"image","meta":{"footnotes":""},"categories":[2],"tags":[],"class_list":["post-5906","post","type-post","status-publish","format-image","has-post-thumbnail","hentry","category-ciudad-cultural","post_format-post-format-image"],"_links":{"self":[{"href":"https:\/\/cultura.sma.gob.ar\/index.php?rest_route=\/wp\/v2\/posts\/5906","targetHints":{"allow":["GET"]}}],"collection":[{"href":"https:\/\/cultura.sma.gob.ar\/index.php?rest_route=\/wp\/v2\/posts"}],"about":[{"href":"https:\/\/cultura.sma.gob.ar\/index.php?rest_route=\/wp\/v2\/types\/post"}],"author":[{"embeddable":true,"href":"https:\/\/cultura.sma.gob.ar\/index.php?rest_route=\/wp\/v2\/users\/1"}],"replies":[{"embeddable":true,"href":"https:\/\/cultura.sma.gob.ar\/index.php?rest_route=%2Fwp%2Fv2%2Fcomments&post=5906"}],"version-history":[{"count":1,"href":"https:\/\/cultura.sma.gob.ar\/index.php?rest_route=\/wp\/v2\/posts\/5906\/revisions"}],"predecessor-version":[{"id":5908,"href":"https:\/\/cultura.sma.gob.ar\/index.php?rest_route=\/wp\/v2\/posts\/5906\/revisions\/5908"}],"wp:featuredmedia":[{"embeddable":true,"href":"https:\/\/cultura.sma.gob.ar\/index.php?rest_route=\/wp\/v2\/media\/297"}],"wp:attachment":[{"href":"https:\/\/cultura.sma.gob.ar\/index.php?rest_route=%2Fwp%2Fv2%2Fmedia&parent=5906"}],"wp:term":[{"taxonomy":"category","embeddable":true,"href":"https:\/\/cultura.sma.gob.ar\/index.php?rest_route=%2Fwp%2Fv2%2Fcategories&post=5906"},{"taxonomy":"post_tag","embeddable":true,"href":"https:\/\/cultura.sma.gob.ar\/index.php?rest_route=%2Fwp%2Fv2%2Ftags&post=5906"}],"curies":[{"name":"wp","href":"https:\/\/api.w.org\/{rel}","templated":true}]}}