{"id":5895,"date":"2024-07-14T18:24:48","date_gmt":"2024-07-14T21:24:48","guid":{"rendered":"http:\/\/cultura.sma.gob.ar\/?p=5895"},"modified":"2024-07-14T18:24:48","modified_gmt":"2024-07-14T21:24:48","slug":"se-reglamento-el-fondo-municipal-de-las-artes-elena-lapuente","status":"publish","type":"post","link":"https:\/\/cultura.sma.gob.ar\/?p=5895","title":{"rendered":"SE REGLAMENT\u00d3 EL FONDO MUNICIPAL DE LAS ARTES \u201cELENA LAPUENTE\u201d"},"content":{"rendered":"\n<figure class=\"wp-block-image size-large\"><img loading=\"lazy\" decoding=\"async\" width=\"798\" height=\"460\" src=\"https:\/\/cultura.sma.gob.ar\/wp-content\/uploads\/2024\/07\/Screenshot-2024-07-14-6.24.02-PM.png\" alt=\"\" class=\"wp-image-5896\" srcset=\"https:\/\/cultura.sma.gob.ar\/wp-content\/uploads\/2024\/07\/Screenshot-2024-07-14-6.24.02-PM.png 798w, https:\/\/cultura.sma.gob.ar\/wp-content\/uploads\/2024\/07\/Screenshot-2024-07-14-6.24.02-PM-300x173.png 300w, https:\/\/cultura.sma.gob.ar\/wp-content\/uploads\/2024\/07\/Screenshot-2024-07-14-6.24.02-PM-768x443.png 768w, https:\/\/cultura.sma.gob.ar\/wp-content\/uploads\/2024\/07\/Screenshot-2024-07-14-6.24.02-PM-156x90.png 156w\" sizes=\"auto, (max-width: 798px) 100vw, 798px\" \/><\/figure>\n\n\n\n<p>A trav\u00e9s del decreto N\u00ba 1187\/24, qued\u00f3 reglamentado el Fondo Municipal de las Artes \u201cElena Lapuente\u201d.\u00a0 El mismo cuenta con tres l\u00edneas de financiamiento destinadas a artistas y agrupaciones culturales, para estimular, desarrollar y proteger la creaci\u00f3n y producci\u00f3n art\u00edstica end\u00f3gena, fomentando el acceso al arte a todos los miembros de la comunidad de San Mart\u00edn de los Andes.<\/p>\n\n\n\n<p>El Fondo contar\u00e1 con un Consejo Asesor, conformado por cinco representantes de organizaciones de la sociedad civil con fines art\u00edsticos y culturales. Los lugares en el consejo asesor se sortear\u00e1n en un acto p\u00fablico a realizar en los pr\u00f3ximos d\u00edas, entre las organizaciones que cuenten con personer\u00eda jur\u00eddica vigente y est\u00e9n inscriptas en el Registro Municipal de Trabajadores de la Cultura\u00a0(Ord. 13461\/21).<\/p>\n\n\n\n<p>Las asociaciones que a\u00fan no se hayan inscrito en dicho registro, pueden hacerlo a trav\u00e9s del siguiente link\u00a0<a rel=\"noreferrer noopener\" href=\"https:\/\/forms.gle\/DJbpTsNWGqMySMNQA\" target=\"_blank\">https:\/\/forms.gle\/DJbpTsNWGqMySMNQA<\/a><\/p>\n","protected":false},"excerpt":{"rendered":"<p>A trav\u00e9s del decreto N\u00ba 1187\/24, qued\u00f3 reglamentado el Fondo Municipal de las Artes \u201cElena Lapuente\u201d.\u00a0 El mismo cuenta con tres l\u00edneas de financiamiento destinadas a artistas y agrupaciones culturales, para estimular, desarrollar y proteger la creaci\u00f3n y producci\u00f3n art\u00edstica end\u00f3gena, fomentando el acceso al arte a todos los miembros de la comunidad de San Mart\u00edn de los Andes. El Fondo contar\u00e1 con un Consejo &hellip; <a href=\"https:\/\/cultura.sma.gob.ar\/?p=5895\" class=\"more-link\">Continue reading <span class=\"screen-reader-text\">SE REGLAMENT\u00d3 EL FONDO MUNICIPAL DE LAS ARTES \u201cELENA LAPUENTE\u201d<\/span><\/a><\/p>\n","protected":false},"author":1,"featured_media":293,"comment_status":"closed","ping_status":"","sticky":false,"template":"","format":"image","meta":{"footnotes":""},"categories":[9],"tags":[],"class_list":["post-5895","post","type-post","status-publish","format-image","has-post-thumbnail","hentry","category-ultimas-noticias","post_format-post-format-image"],"_links":{"self":[{"href":"https:\/\/cultura.sma.gob.ar\/index.php?rest_route=\/wp\/v2\/posts\/5895","targetHints":{"allow":["GET"]}}],"collection":[{"href":"https:\/\/cultura.sma.gob.ar\/index.php?rest_route=\/wp\/v2\/posts"}],"about":[{"href":"https:\/\/cultura.sma.gob.ar\/index.php?rest_route=\/wp\/v2\/types\/post"}],"author":[{"embeddable":true,"href":"https:\/\/cultura.sma.gob.ar\/index.php?rest_route=\/wp\/v2\/users\/1"}],"replies":[{"embeddable":true,"href":"https:\/\/cultura.sma.gob.ar\/index.php?rest_route=%2Fwp%2Fv2%2Fcomments&post=5895"}],"version-history":[{"count":1,"href":"https:\/\/cultura.sma.gob.ar\/index.php?rest_route=\/wp\/v2\/posts\/5895\/revisions"}],"predecessor-version":[{"id":5897,"href":"https:\/\/cultura.sma.gob.ar\/index.php?rest_route=\/wp\/v2\/posts\/5895\/revisions\/5897"}],"wp:featuredmedia":[{"embeddable":true,"href":"https:\/\/cultura.sma.gob.ar\/index.php?rest_route=\/wp\/v2\/media\/293"}],"wp:attachment":[{"href":"https:\/\/cultura.sma.gob.ar\/index.php?rest_route=%2Fwp%2Fv2%2Fmedia&parent=5895"}],"wp:term":[{"taxonomy":"category","embeddable":true,"href":"https:\/\/cultura.sma.gob.ar\/index.php?rest_route=%2Fwp%2Fv2%2Fcategories&post=5895"},{"taxonomy":"post_tag","embeddable":true,"href":"https:\/\/cultura.sma.gob.ar\/index.php?rest_route=%2Fwp%2Fv2%2Ftags&post=5895"}],"curies":[{"name":"wp","href":"https:\/\/api.w.org\/{rel}","templated":true}]}}