{"id":5887,"date":"2024-07-11T09:54:46","date_gmt":"2024-07-11T12:54:46","guid":{"rendered":"http:\/\/cultura.sma.gob.ar\/?p=5887"},"modified":"2024-07-11T09:54:46","modified_gmt":"2024-07-11T12:54:46","slug":"abre-la-recepcion-de-propuestas-para-el-2o-congreso-de-patrimonio-cultural-de-san-martin-de-los-andes","status":"publish","type":"post","link":"https:\/\/cultura.sma.gob.ar\/?p=5887","title":{"rendered":"Abre la recepci\u00f3n de propuestas para el 2\u00ba Congreso de Patrimonio Cultural de San Mart\u00edn de los Andes"},"content":{"rendered":"\n<figure class=\"wp-block-image size-large\"><img loading=\"lazy\" decoding=\"async\" width=\"800\" height=\"534\" src=\"https:\/\/cultura.sma.gob.ar\/wp-content\/uploads\/2024\/07\/305219129_5479444025472870_1848086401616583413_n.jpg\" alt=\"\" class=\"wp-image-5888\" srcset=\"https:\/\/cultura.sma.gob.ar\/wp-content\/uploads\/2024\/07\/305219129_5479444025472870_1848086401616583413_n.jpg 800w, https:\/\/cultura.sma.gob.ar\/wp-content\/uploads\/2024\/07\/305219129_5479444025472870_1848086401616583413_n-300x200.jpg 300w, https:\/\/cultura.sma.gob.ar\/wp-content\/uploads\/2024\/07\/305219129_5479444025472870_1848086401616583413_n-768x513.jpg 768w, https:\/\/cultura.sma.gob.ar\/wp-content\/uploads\/2024\/07\/305219129_5479444025472870_1848086401616583413_n-135x90.jpg 135w\" sizes=\"auto, (max-width: 800px) 100vw, 800px\" \/><\/figure>\n\n\n\n<p>La Secretar\u00eda de Cultura, a trav\u00e9s del Departamento de Patrimonio Hist\u00f3rico y Ciencias, invita a la comunidad a participar en la programaci\u00f3n del 2\u00ba Congreso de Patrimonio Cultural de San Mart\u00edn de los Andes, <strong>que se realizar\u00e1 el 19, 20 y 21 de septiembre de 2024 en esta ciudad.<\/strong><\/p>\n\n\n\n<p>El 2\u00ba Congreso de Patrimonio Cultural de San Mart\u00edn de los Andes propone generar instancias de participaci\u00f3n ciudadana para incorporar bienes tangibles e intangibles a las categor\u00edas de patrimonio cultural que contempla la Ordenanza N\u00ba 13.532\/22.<\/p>\n\n\n\n<p><strong>Quienes deseen postularse para participar en la programaci\u00f3n pueden hacerlo enviando propuestas o comunicaciones, las que luego ser\u00e1n consideradas por un comit\u00e9 acad\u00e9mico.<\/strong> <strong>La fecha l\u00edmite para presentar propuestas o comunicaciones es el 9 de agosto de 2024<\/strong>.<\/p>\n\n\n\n<p><strong>Propuestas<\/strong><\/p>\n\n\n\n<p>Se considera propuestas a las presentaciones que promuevan la incorporaci\u00f3n de uno o m\u00e1s bienes al Registro Municipal de Patrimonio Cultural de San Mart\u00edn de los Andes. Pueden ser presentadas por cualquier vecina o vecino que posea una residencia m\u00ednima de 5 a\u00f1os en la ciudad. Las propuestas admitidas ser\u00e1n expuestas en los foros de debate, durante el congreso.<\/p>\n\n\n\n<p><strong>Comunicaciones<\/strong><\/p>\n\n\n\n<p>Se consideran comunicaciones a las presentaciones escritas que se refieran a problemas espec\u00edficos, experiencias de abordaje y resultados o investigaciones en curso, afines a la identificaci\u00f3n, protecci\u00f3n y preservaci\u00f3n del patrimonio cultural. Las comunicaciones admitidas ser\u00e1n expuestas en el congreso. Pueden ser presentadas por profesionales de cualquier ciudad.<\/p>\n\n\n\n<p>En <a href=\"https:\/\/drive.google.com\/file\/d\/1KCsWmCVfXgwDhve0WD6gQdsXpfhFQ3Y-\/view?usp=drive_link\">ESTE ENLACE<\/a> encuentran la presentaci\u00f3n y fundamentaci\u00f3n del Congreso, con mayor informaci\u00f3n sobre la propuesta y su finalidad.<\/p>\n\n\n\n<p>Para m\u00e1s informaci\u00f3n sobre el congreso y sobre la modalidad de presentaci\u00f3n de las propuestas y comunicaciones, dirigirse por mail a congresoculturalsma@gmail.com o por tel\u00e9fono llamando al 412306.<\/p>\n","protected":false},"excerpt":{"rendered":"<p>La Secretar\u00eda de Cultura, a trav\u00e9s del Departamento de Patrimonio Hist\u00f3rico y Ciencias, invita a la comunidad a participar en la programaci\u00f3n del 2\u00ba Congreso de Patrimonio Cultural de San Mart\u00edn de los Andes, que se realizar\u00e1 el 19, 20 y 21 de septiembre de 2024 en esta ciudad. El 2\u00ba Congreso de Patrimonio Cultural de San Mart\u00edn de los Andes propone generar instancias de &hellip; <a href=\"https:\/\/cultura.sma.gob.ar\/?p=5887\" class=\"more-link\">Continue reading <span class=\"screen-reader-text\">Abre la recepci\u00f3n de propuestas para el 2\u00ba Congreso de Patrimonio Cultural de San Mart\u00edn de los Andes<\/span><\/a><\/p>\n","protected":false},"author":1,"featured_media":291,"comment_status":"closed","ping_status":"","sticky":false,"template":"","format":"image","meta":{"footnotes":""},"categories":[5,9],"tags":[],"class_list":["post-5887","post","type-post","status-publish","format-image","has-post-thumbnail","hentry","category-patrimonio-cultural","category-ultimas-noticias","post_format-post-format-image"],"_links":{"self":[{"href":"https:\/\/cultura.sma.gob.ar\/index.php?rest_route=\/wp\/v2\/posts\/5887","targetHints":{"allow":["GET"]}}],"collection":[{"href":"https:\/\/cultura.sma.gob.ar\/index.php?rest_route=\/wp\/v2\/posts"}],"about":[{"href":"https:\/\/cultura.sma.gob.ar\/index.php?rest_route=\/wp\/v2\/types\/post"}],"author":[{"embeddable":true,"href":"https:\/\/cultura.sma.gob.ar\/index.php?rest_route=\/wp\/v2\/users\/1"}],"replies":[{"embeddable":true,"href":"https:\/\/cultura.sma.gob.ar\/index.php?rest_route=%2Fwp%2Fv2%2Fcomments&post=5887"}],"version-history":[{"count":1,"href":"https:\/\/cultura.sma.gob.ar\/index.php?rest_route=\/wp\/v2\/posts\/5887\/revisions"}],"predecessor-version":[{"id":5889,"href":"https:\/\/cultura.sma.gob.ar\/index.php?rest_route=\/wp\/v2\/posts\/5887\/revisions\/5889"}],"wp:featuredmedia":[{"embeddable":true,"href":"https:\/\/cultura.sma.gob.ar\/index.php?rest_route=\/wp\/v2\/media\/291"}],"wp:attachment":[{"href":"https:\/\/cultura.sma.gob.ar\/index.php?rest_route=%2Fwp%2Fv2%2Fmedia&parent=5887"}],"wp:term":[{"taxonomy":"category","embeddable":true,"href":"https:\/\/cultura.sma.gob.ar\/index.php?rest_route=%2Fwp%2Fv2%2Fcategories&post=5887"},{"taxonomy":"post_tag","embeddable":true,"href":"https:\/\/cultura.sma.gob.ar\/index.php?rest_route=%2Fwp%2Fv2%2Ftags&post=5887"}],"curies":[{"name":"wp","href":"https:\/\/api.w.org\/{rel}","templated":true}]}}