{"id":5882,"date":"2024-07-10T10:31:40","date_gmt":"2024-07-10T13:31:40","guid":{"rendered":"http:\/\/cultura.sma.gob.ar\/?p=5882"},"modified":"2024-07-16T11:32:05","modified_gmt":"2024-07-16T14:32:05","slug":"vacaciones-de-invierno-en-espacio-trama","status":"publish","type":"post","link":"https:\/\/cultura.sma.gob.ar\/?p=5882","title":{"rendered":"Vacaciones de invierno en Espacio Trama"},"content":{"rendered":"\n\n\n<p>\u26c4\ufe0f\ud83e\udd73\u26c4\ufe0fVACACIONES DE INVIERNO EN ESPACIO TRAMA\u26c4\ufe0f\ud83e\udd73\u26c4\ufe0f<\/p>\n\n\n\n<p>Programa para las infancias. Todas las funciones son A LA GORRA \ud83d\ude03 Las localidades para este ciclo se repartir\u00e1n desde 2 horas antes de cada funci\u00f3n.<\/p>\n\n\n\n<p>\ud83d\ude03  MARTES 16 a las 16 hs TUT\u00da Danza, circo, burbujas y humos de la mano de CRISTAL<\/p>\n\n\n\n<p>\ud83e\udd23 MI\u00c9RCOLES 17 a las 16hs CIRCO GOYO AL TEATRO ROMPE R\u00c9CORD es el nuevo espect\u00e1culo de Goyo antes de viajar a los festivales europeos.<\/p>\n\n\n\n<p>\ud83e\udd29 JUEVES 18 a las 17hs PEQUE\u00d1AS HISTORIAS DE CIECO Acrobacias, danza, m\u00fasica y destrezas para toda la familia. Participan DUO PATAG\u00d3NIA, CRISTAL CIRCO Y SABRINA.<\/p>\n\n\n\n<p>\ud83e\udd70 VIERNES 19 a las 17hs DO\u00d1A DISPARATE Y BAMBUCO de Mar\u00eda Elena Walsh. Teatro para las infancias<\/p>\n\n\n\n<p>\ud83d\ude0d SABADO 20 a las 17 hs CAPERS Y LOBOS Teatro para la familia con tem\u00e1tica ecol\u00f3gica<\/p>\n\n\n\n<p>\ud83e\udd73 DOMINGO 21 a las 17hs DALE MECHA vol 4 variete de circo de grupo ComiCirko<\/p>\n\n\n\n<p>\ud83c\udf2d\ud83c\udf77\ud83e\udd5f TRAMA BAR est\u00e1 abierto de LUNES a VIERNES desde las 10hs para desayunar, almorzar y merendar \ud83e\udd50\u2615\ufe0f\ud83e\uddc9Las cenas son los d\u00edas que hay funciones con comidas y bebidas a precios amigos \ud83c\udf55\ud83c\udf7b\ud83e\udd57 Ahora con todos los sistemas de pago \ud83d\ude03<\/p>\n\n\n\n<p>Toda la informaci\u00f3n detallada de las actividades la podes encontrar en: espaciotrama.ar<\/p>\n\n\n\n<p>\ud83e\udd73 \u00a1\u00a1\u00a1Te esperamos!!! \ud83e\udd73<\/p>\n","protected":false},"excerpt":{"rendered":"<p>\u26c4\ufe0f\ud83e\udd73\u26c4\ufe0fVACACIONES DE INVIERNO EN ESPACIO TRAMA\u26c4\ufe0f\ud83e\udd73\u26c4\ufe0f Programa para las infancias. Todas las funciones son A LA GORRA \ud83d\ude03 Las localidades para este ciclo se repartir\u00e1n desde 2 horas antes de cada funci\u00f3n. \ud83d\ude03 MARTES 16 a las 16 hs TUT\u00da Danza, circo, burbujas y humos de la mano de CRISTAL \ud83e\udd23 MI\u00c9RCOLES 17 a las 16hs CIRCO GOYO AL TEATRO ROMPE R\u00c9CORD es el nuevo &hellip; <a href=\"https:\/\/cultura.sma.gob.ar\/?p=5882\" class=\"more-link\">Continue reading <span class=\"screen-reader-text\">Vacaciones de invierno en Espacio Trama<\/span><\/a><\/p>\n","protected":false},"author":1,"featured_media":297,"comment_status":"closed","ping_status":"","sticky":false,"template":"","format":"image","meta":{"footnotes":""},"categories":[2,9],"tags":[],"class_list":["post-5882","post","type-post","status-publish","format-image","has-post-thumbnail","hentry","category-ciudad-cultural","category-ultimas-noticias","post_format-post-format-image"],"_links":{"self":[{"href":"https:\/\/cultura.sma.gob.ar\/index.php?rest_route=\/wp\/v2\/posts\/5882","targetHints":{"allow":["GET"]}}],"collection":[{"href":"https:\/\/cultura.sma.gob.ar\/index.php?rest_route=\/wp\/v2\/posts"}],"about":[{"href":"https:\/\/cultura.sma.gob.ar\/index.php?rest_route=\/wp\/v2\/types\/post"}],"author":[{"embeddable":true,"href":"https:\/\/cultura.sma.gob.ar\/index.php?rest_route=\/wp\/v2\/users\/1"}],"replies":[{"embeddable":true,"href":"https:\/\/cultura.sma.gob.ar\/index.php?rest_route=%2Fwp%2Fv2%2Fcomments&post=5882"}],"version-history":[{"count":3,"href":"https:\/\/cultura.sma.gob.ar\/index.php?rest_route=\/wp\/v2\/posts\/5882\/revisions"}],"predecessor-version":[{"id":5903,"href":"https:\/\/cultura.sma.gob.ar\/index.php?rest_route=\/wp\/v2\/posts\/5882\/revisions\/5903"}],"wp:featuredmedia":[{"embeddable":true,"href":"https:\/\/cultura.sma.gob.ar\/index.php?rest_route=\/wp\/v2\/media\/297"}],"wp:attachment":[{"href":"https:\/\/cultura.sma.gob.ar\/index.php?rest_route=%2Fwp%2Fv2%2Fmedia&parent=5882"}],"wp:term":[{"taxonomy":"category","embeddable":true,"href":"https:\/\/cultura.sma.gob.ar\/index.php?rest_route=%2Fwp%2Fv2%2Fcategories&post=5882"},{"taxonomy":"post_tag","embeddable":true,"href":"https:\/\/cultura.sma.gob.ar\/index.php?rest_route=%2Fwp%2Fv2%2Ftags&post=5882"}],"curies":[{"name":"wp","href":"https:\/\/api.w.org\/{rel}","templated":true}]}}