{"id":5880,"date":"2024-07-10T10:28:33","date_gmt":"2024-07-10T13:28:33","guid":{"rendered":"http:\/\/cultura.sma.gob.ar\/?p=5880"},"modified":"2024-07-10T10:28:33","modified_gmt":"2024-07-10T13:28:33","slug":"tarde-de-lecturas-y-cine-en-la-biblioteca-popular-4-de-febrero","status":"publish","type":"post","link":"https:\/\/cultura.sma.gob.ar\/?p=5880","title":{"rendered":"Tarde de lecturas y cine en la Biblioteca Popular 4 de Febrero"},"content":{"rendered":"\n<figure class=\"wp-block-image\"><img decoding=\"async\" src=\"https:\/\/mail.google.com\/mail\/u\/0?ui=2&amp;ik=7a251f716f&amp;attid=0.1&amp;permmsgid=msg-f:1804189847576340299&amp;th=1909c51b7c27674b&amp;view=fimg&amp;fur=ip&amp;sz=s0-l75-ft&amp;attbid=ANGjdJ9352bWeAMd91WP2GSkoNQa1f_ebd1MLMwB4MXd8n32IGvKRj33xTIX9RlSznUl13F6cNFJ-18Iy_BhJ9fTDek_qr1r65Ad2x1z5JFOPR7IMjrR_VZvYZBr85Y&amp;disp=emb&amp;realattid=ii_lyfqg18z0\" alt=\"Vacaciones en la 4 de febrero_2024.jpg\"\/><\/figure>\n\n\n\n<p>La Comisi\u00f3n de la Biblioteca Popular \u201c4 de febrero\u201d invita a infancias y familias a disfrutar de lecturas de cuentos y de la proyecci\u00f3n de la pel\u00edcula &#8220;Un amigo abominable&#8221; el pr\u00f3ximo viernes 12 de julio a partir de las 15:30 horas, en la Biblioteca del Barrio Arenal.<\/p>\n\n\n\n<p>Esta actividad de Vacaciones de Invierno se realiza con la Direcci\u00f3n de Infancias del Municipio local y el grupo de lecturas &#8220;Carrindanga&#8221;.<\/p>\n","protected":false},"excerpt":{"rendered":"<p>La Comisi\u00f3n de la Biblioteca Popular \u201c4 de febrero\u201d invita a infancias y familias a disfrutar de lecturas de cuentos y de la proyecci\u00f3n de la pel\u00edcula &#8220;Un amigo abominable&#8221; el pr\u00f3ximo viernes 12 de julio a partir de las 15:30 horas, en la Biblioteca del Barrio Arenal. Esta actividad de Vacaciones de Invierno se realiza con la Direcci\u00f3n de Infancias del Municipio local y &hellip; <a href=\"https:\/\/cultura.sma.gob.ar\/?p=5880\" class=\"more-link\">Continue reading <span class=\"screen-reader-text\">Tarde de lecturas y cine en la Biblioteca Popular 4 de Febrero<\/span><\/a><\/p>\n","protected":false},"author":1,"featured_media":297,"comment_status":"closed","ping_status":"","sticky":false,"template":"","format":"image","meta":{"footnotes":""},"categories":[2,9],"tags":[],"class_list":["post-5880","post","type-post","status-publish","format-image","has-post-thumbnail","hentry","category-ciudad-cultural","category-ultimas-noticias","post_format-post-format-image"],"_links":{"self":[{"href":"https:\/\/cultura.sma.gob.ar\/index.php?rest_route=\/wp\/v2\/posts\/5880","targetHints":{"allow":["GET"]}}],"collection":[{"href":"https:\/\/cultura.sma.gob.ar\/index.php?rest_route=\/wp\/v2\/posts"}],"about":[{"href":"https:\/\/cultura.sma.gob.ar\/index.php?rest_route=\/wp\/v2\/types\/post"}],"author":[{"embeddable":true,"href":"https:\/\/cultura.sma.gob.ar\/index.php?rest_route=\/wp\/v2\/users\/1"}],"replies":[{"embeddable":true,"href":"https:\/\/cultura.sma.gob.ar\/index.php?rest_route=%2Fwp%2Fv2%2Fcomments&post=5880"}],"version-history":[{"count":1,"href":"https:\/\/cultura.sma.gob.ar\/index.php?rest_route=\/wp\/v2\/posts\/5880\/revisions"}],"predecessor-version":[{"id":5881,"href":"https:\/\/cultura.sma.gob.ar\/index.php?rest_route=\/wp\/v2\/posts\/5880\/revisions\/5881"}],"wp:featuredmedia":[{"embeddable":true,"href":"https:\/\/cultura.sma.gob.ar\/index.php?rest_route=\/wp\/v2\/media\/297"}],"wp:attachment":[{"href":"https:\/\/cultura.sma.gob.ar\/index.php?rest_route=%2Fwp%2Fv2%2Fmedia&parent=5880"}],"wp:term":[{"taxonomy":"category","embeddable":true,"href":"https:\/\/cultura.sma.gob.ar\/index.php?rest_route=%2Fwp%2Fv2%2Fcategories&post=5880"},{"taxonomy":"post_tag","embeddable":true,"href":"https:\/\/cultura.sma.gob.ar\/index.php?rest_route=%2Fwp%2Fv2%2Ftags&post=5880"}],"curies":[{"name":"wp","href":"https:\/\/api.w.org\/{rel}","templated":true}]}}