{"id":588,"date":"2020-11-04T23:37:58","date_gmt":"2020-11-05T02:37:58","guid":{"rendered":"http:\/\/cultura.sma.gob.ar\/?p=588"},"modified":"2020-11-04T23:37:58","modified_gmt":"2020-11-05T02:37:58","slug":"horacio-alva-14-feria-regional-del-libro","status":"publish","type":"post","link":"https:\/\/cultura.sma.gob.ar\/?p=588","title":{"rendered":"Horacio Alva | 14\u00b0 Feria Regional del Libro"},"content":{"rendered":"\n<figure class=\"wp-block-gallery columns-2 is-cropped wp-block-gallery-1 is-layout-flex wp-block-gallery-is-layout-flex\"><ul class=\"blocks-gallery-grid\"><li class=\"blocks-gallery-item\"><figure><img loading=\"lazy\" decoding=\"async\" width=\"769\" height=\"785\" src=\"http:\/\/cultura.sma.gob.ar\/wp-content\/uploads\/2020\/11\/HORACIO-ALVA-INFANTIL.png\" alt=\"\" data-id=\"589\" data-full-url=\"http:\/\/cultura.sma.gob.ar\/wp-content\/uploads\/2020\/11\/HORACIO-ALVA-INFANTIL.png\" data-link=\"http:\/\/cultura.sma.gob.ar\/?attachment_id=589\" class=\"wp-image-589\" srcset=\"https:\/\/cultura.sma.gob.ar\/wp-content\/uploads\/2020\/11\/HORACIO-ALVA-INFANTIL.png 769w, https:\/\/cultura.sma.gob.ar\/wp-content\/uploads\/2020\/11\/HORACIO-ALVA-INFANTIL-294x300.png 294w, https:\/\/cultura.sma.gob.ar\/wp-content\/uploads\/2020\/11\/HORACIO-ALVA-INFANTIL-88x90.png 88w\" sizes=\"auto, (max-width: 769px) 100vw, 769px\" \/><\/figure><\/li><li class=\"blocks-gallery-item\"><figure><img loading=\"lazy\" decoding=\"async\" width=\"765\" height=\"783\" src=\"http:\/\/cultura.sma.gob.ar\/wp-content\/uploads\/2020\/11\/HORACIO-ALVA-ADULTOS.png\" alt=\"\" data-id=\"590\" data-full-url=\"http:\/\/cultura.sma.gob.ar\/wp-content\/uploads\/2020\/11\/HORACIO-ALVA-ADULTOS.png\" data-link=\"http:\/\/cultura.sma.gob.ar\/?attachment_id=590\" class=\"wp-image-590\" srcset=\"https:\/\/cultura.sma.gob.ar\/wp-content\/uploads\/2020\/11\/HORACIO-ALVA-ADULTOS.png 765w, https:\/\/cultura.sma.gob.ar\/wp-content\/uploads\/2020\/11\/HORACIO-ALVA-ADULTOS-293x300.png 293w, https:\/\/cultura.sma.gob.ar\/wp-content\/uploads\/2020\/11\/HORACIO-ALVA-ADULTOS-88x90.png 88w\" sizes=\"auto, (max-width: 765px) 100vw, 765px\" \/><\/figure><\/li><\/ul><\/figure>\n\n\n\n<p>Por <strong>Biblioteca Popular La Cascada<\/strong><\/p>\n\n\n\n<ul class=\"wp-block-list\"><li>Lunes 9 &#8211; 11hs &#8211; Presentaci\u00f3n v\u00eda Zoom &#8211; Infantil<\/li><li>Lunes 9 &#8211; 21hs &#8211; Presentaci\u00f3n v\u00eda Zoom &#8211; Todo p\u00fablico<\/li><\/ul>\n\n\n\n<p><strong>Horacio Alva <\/strong>(Bah\u00eda Blanca, 1966 ) desarroll\u00f3 su escritura inspir\u00e1ndose en Horacio Quiroga, Ray Bradbury y Richard Bach. En 2004 public\u00f3 &#8220;Pulpino&#8221;, su primer cuento infantil. Luego siguieron varias otras publicaciones del mismo g\u00e9nero y las novelas fant\u00e1sticas \u201cEl origen del ma\u00f1ana\u201d y \u201cEn el presente de Juan\u201d.<\/p>\n","protected":false},"excerpt":{"rendered":"<p>Presentaci\u00f3n virtual <a href=\"https:\/\/cultura.sma.gob.ar\/?p=588\" class=\"more-link\">Continue reading <span class=\"screen-reader-text\">Horacio Alva | 14\u00b0 Feria Regional del Libro<\/span><\/a><\/p>\n","protected":false},"author":1,"featured_media":296,"comment_status":"closed","ping_status":"","sticky":false,"template":"","format":"image","meta":{"footnotes":""},"categories":[3,9],"tags":[],"class_list":["post-588","post","type-post","status-publish","format-image","has-post-thumbnail","hentry","category-eventos-cultura","category-ultimas-noticias","post_format-post-format-image"],"_links":{"self":[{"href":"https:\/\/cultura.sma.gob.ar\/index.php?rest_route=\/wp\/v2\/posts\/588","targetHints":{"allow":["GET"]}}],"collection":[{"href":"https:\/\/cultura.sma.gob.ar\/index.php?rest_route=\/wp\/v2\/posts"}],"about":[{"href":"https:\/\/cultura.sma.gob.ar\/index.php?rest_route=\/wp\/v2\/types\/post"}],"author":[{"embeddable":true,"href":"https:\/\/cultura.sma.gob.ar\/index.php?rest_route=\/wp\/v2\/users\/1"}],"replies":[{"embeddable":true,"href":"https:\/\/cultura.sma.gob.ar\/index.php?rest_route=%2Fwp%2Fv2%2Fcomments&post=588"}],"version-history":[{"count":1,"href":"https:\/\/cultura.sma.gob.ar\/index.php?rest_route=\/wp\/v2\/posts\/588\/revisions"}],"predecessor-version":[{"id":591,"href":"https:\/\/cultura.sma.gob.ar\/index.php?rest_route=\/wp\/v2\/posts\/588\/revisions\/591"}],"wp:featuredmedia":[{"embeddable":true,"href":"https:\/\/cultura.sma.gob.ar\/index.php?rest_route=\/wp\/v2\/media\/296"}],"wp:attachment":[{"href":"https:\/\/cultura.sma.gob.ar\/index.php?rest_route=%2Fwp%2Fv2%2Fmedia&parent=588"}],"wp:term":[{"taxonomy":"category","embeddable":true,"href":"https:\/\/cultura.sma.gob.ar\/index.php?rest_route=%2Fwp%2Fv2%2Fcategories&post=588"},{"taxonomy":"post_tag","embeddable":true,"href":"https:\/\/cultura.sma.gob.ar\/index.php?rest_route=%2Fwp%2Fv2%2Ftags&post=588"}],"curies":[{"name":"wp","href":"https:\/\/api.w.org\/{rel}","templated":true}]}}