{"id":5874,"date":"2024-07-08T19:01:17","date_gmt":"2024-07-08T22:01:17","guid":{"rendered":"http:\/\/cultura.sma.gob.ar\/?p=5874"},"modified":"2024-07-08T19:01:17","modified_gmt":"2024-07-08T22:01:17","slug":"feria-regional-del-libro-ya-esta-abierta-la-convocatoria-para-stands-presentaciones-de-libros-y-actividades","status":"publish","type":"post","link":"https:\/\/cultura.sma.gob.ar\/?p=5874","title":{"rendered":"Feria Regional del Libro: ya est\u00e1 abierta la convocatoria para  stands, presentaciones de libros y actividades"},"content":{"rendered":"\n<figure class=\"wp-block-image size-large\"><img loading=\"lazy\" decoding=\"async\" width=\"1024\" height=\"632\" src=\"https:\/\/cultura.sma.gob.ar\/wp-content\/uploads\/2024\/07\/1000122939-1024x632.jpg\" alt=\"\" class=\"wp-image-5875\" srcset=\"https:\/\/cultura.sma.gob.ar\/wp-content\/uploads\/2024\/07\/1000122939-1024x632.jpg 1024w, https:\/\/cultura.sma.gob.ar\/wp-content\/uploads\/2024\/07\/1000122939-300x185.jpg 300w, https:\/\/cultura.sma.gob.ar\/wp-content\/uploads\/2024\/07\/1000122939-768x474.jpg 768w, https:\/\/cultura.sma.gob.ar\/wp-content\/uploads\/2024\/07\/1000122939-146x90.jpg 146w, https:\/\/cultura.sma.gob.ar\/wp-content\/uploads\/2024\/07\/1000122939.jpg 1080w\" sizes=\"auto, (max-width: 1024px) 100vw, 1024px\" \/><\/figure>\n\n\n\n<p>La 18\u00aa Feria Regional del Libro, que se realizar\u00e1 en San Mart\u00edn de los Andes desde el s\u00e1bado 12 hasta el s\u00e1bado 19 de octubre,\u00a0abre su convocatoria para solicitudes de stands de exposici\u00f3n o venta de libros, presentaciones de libros y actividades.<\/p>\n\n\n\n<p>La convocatoria estar\u00e1 abierta hasta el lunes 19 de agosto inclusive.<\/p>\n\n\n\n<p>Se requiere leer las&nbsp;<a href=\"https:\/\/drive.google.com\/file\/d\/1YzPg1ohbRR8TNkalGchdcGuISjG7HX3J\/view?usp=drive_link\"><strong>bases y condiciones<\/strong>&nbsp;<\/a>antes de realizar las solicitudes mediante los siguientes formularios:<\/p>\n\n\n\n<p>Formulario 1,&nbsp;<a href=\"https:\/\/docs.google.com\/forms\/d\/e\/1FAIpQLSeSOgKFVC_HqZxu85S3BzA57NAyLNynZ_nqDBN55K8GE3-6Rw\/viewform?usp=sf_link\"><strong>Solicitud de stands para exposici\u00f3n o venta de libros<\/strong><\/a><\/p>\n\n\n\n<p>Formulario 2,&nbsp;<a href=\"https:\/\/docs.google.com\/forms\/d\/e\/1FAIpQLSf0WlhY2uEoIByvSbfxrjZiCA8U2iVMOxCNr8fJzIGOT_j2ZA\/viewform?usp=sf_link\"><strong>Solicitud de presentaciones de libros<\/strong><\/a><strong>.<\/strong><\/p>\n\n\n\n<p>Formulario 3,&nbsp;<a href=\"https:\/\/docs.google.com\/forms\/d\/e\/1FAIpQLSd-u79CZCVIFNgXnspw2cbscsaQ3_aSj9LJmYe_WkL9B99BcA\/viewform?usp=sf_link\"><strong>Solicitud de actividades<\/strong><\/a><strong>.<\/strong><\/p>\n\n\n\n<p>Por consultas, escribir a feriadellibro@smandes.gob.ar o llamar a la Secretar\u00eda de Cultura al (02972) 427-315, int. 364. de 9 a 15 hrs.<\/p>\n","protected":false},"excerpt":{"rendered":"<p>La 18\u00aa Feria Regional del Libro, que se realizar\u00e1 en San Mart\u00edn de los Andes desde el s\u00e1bado 12 hasta el s\u00e1bado 19 de octubre,\u00a0abre su convocatoria para solicitudes de stands de exposici\u00f3n o venta de libros, presentaciones de libros y actividades. La convocatoria estar\u00e1 abierta hasta el lunes 19 de agosto inclusive. Se requiere leer las&nbsp;bases y condiciones&nbsp;antes de realizar las solicitudes mediante los &hellip; <a href=\"https:\/\/cultura.sma.gob.ar\/?p=5874\" class=\"more-link\">Continue reading <span class=\"screen-reader-text\">Feria Regional del Libro: ya est\u00e1 abierta la convocatoria para  stands, presentaciones de libros y actividades<\/span><\/a><\/p>\n","protected":false},"author":1,"featured_media":296,"comment_status":"closed","ping_status":"","sticky":false,"template":"","format":"image","meta":{"footnotes":""},"categories":[3,9],"tags":[],"class_list":["post-5874","post","type-post","status-publish","format-image","has-post-thumbnail","hentry","category-eventos-cultura","category-ultimas-noticias","post_format-post-format-image"],"_links":{"self":[{"href":"https:\/\/cultura.sma.gob.ar\/index.php?rest_route=\/wp\/v2\/posts\/5874","targetHints":{"allow":["GET"]}}],"collection":[{"href":"https:\/\/cultura.sma.gob.ar\/index.php?rest_route=\/wp\/v2\/posts"}],"about":[{"href":"https:\/\/cultura.sma.gob.ar\/index.php?rest_route=\/wp\/v2\/types\/post"}],"author":[{"embeddable":true,"href":"https:\/\/cultura.sma.gob.ar\/index.php?rest_route=\/wp\/v2\/users\/1"}],"replies":[{"embeddable":true,"href":"https:\/\/cultura.sma.gob.ar\/index.php?rest_route=%2Fwp%2Fv2%2Fcomments&post=5874"}],"version-history":[{"count":2,"href":"https:\/\/cultura.sma.gob.ar\/index.php?rest_route=\/wp\/v2\/posts\/5874\/revisions"}],"predecessor-version":[{"id":5877,"href":"https:\/\/cultura.sma.gob.ar\/index.php?rest_route=\/wp\/v2\/posts\/5874\/revisions\/5877"}],"wp:featuredmedia":[{"embeddable":true,"href":"https:\/\/cultura.sma.gob.ar\/index.php?rest_route=\/wp\/v2\/media\/296"}],"wp:attachment":[{"href":"https:\/\/cultura.sma.gob.ar\/index.php?rest_route=%2Fwp%2Fv2%2Fmedia&parent=5874"}],"wp:term":[{"taxonomy":"category","embeddable":true,"href":"https:\/\/cultura.sma.gob.ar\/index.php?rest_route=%2Fwp%2Fv2%2Fcategories&post=5874"},{"taxonomy":"post_tag","embeddable":true,"href":"https:\/\/cultura.sma.gob.ar\/index.php?rest_route=%2Fwp%2Fv2%2Ftags&post=5874"}],"curies":[{"name":"wp","href":"https:\/\/api.w.org\/{rel}","templated":true}]}}