{"id":5861,"date":"2024-07-08T10:00:30","date_gmt":"2024-07-08T13:00:30","guid":{"rendered":"http:\/\/cultura.sma.gob.ar\/?p=5861"},"modified":"2024-07-08T10:00:30","modified_gmt":"2024-07-08T13:00:30","slug":"vida-letras-en-vuelo-y-patagonia-magnetica-tres-nuevas-muestras-en-la-sala-chapitel","status":"publish","type":"post","link":"https:\/\/cultura.sma.gob.ar\/?p=5861","title":{"rendered":"&#8220;Vida&#8221;, &#8220;Letras en vuelo&#8221; y &#8220;Patagonia magn\u00e9tica&#8221;: tres nuevas muestras en la Sala Chapitel"},"content":{"rendered":"\n<p>Tres nuevas muestras de arte inauguran este viernes 12 de julio, a las 20 hs, en la Sala Lidaura Chapitel.\u00a0Estar\u00e1n expuestas hasta el 7 de agosto y se podr\u00e1n recorrer de lunes a viernes de 10 a 12 y de 16 a 20 hs, o los s\u00e1bado, de 15 a 19 hs. La entrada es abierta y gratuita.<\/p>\n\n\n\n<figure class=\"wp-block-image size-large\"><img loading=\"lazy\" decoding=\"async\" width=\"819\" height=\"1024\" src=\"https:\/\/cultura.sma.gob.ar\/wp-content\/uploads\/2024\/07\/SMA-LC0031-Vanina-Heredia-RRSS-819x1024.jpg\" alt=\"\" class=\"wp-image-5862\" srcset=\"https:\/\/cultura.sma.gob.ar\/wp-content\/uploads\/2024\/07\/SMA-LC0031-Vanina-Heredia-RRSS-819x1024.jpg 819w, https:\/\/cultura.sma.gob.ar\/wp-content\/uploads\/2024\/07\/SMA-LC0031-Vanina-Heredia-RRSS-240x300.jpg 240w, https:\/\/cultura.sma.gob.ar\/wp-content\/uploads\/2024\/07\/SMA-LC0031-Vanina-Heredia-RRSS-768x960.jpg 768w, https:\/\/cultura.sma.gob.ar\/wp-content\/uploads\/2024\/07\/SMA-LC0031-Vanina-Heredia-RRSS-1229x1536.jpg 1229w, https:\/\/cultura.sma.gob.ar\/wp-content\/uploads\/2024\/07\/SMA-LC0031-Vanina-Heredia-RRSS-1639x2048.jpg 1639w, https:\/\/cultura.sma.gob.ar\/wp-content\/uploads\/2024\/07\/SMA-LC0031-Vanina-Heredia-RRSS-72x90.jpg 72w, https:\/\/cultura.sma.gob.ar\/wp-content\/uploads\/2024\/07\/SMA-LC0031-Vanina-Heredia-RRSS-scaled.jpg 2048w\" sizes=\"auto, (max-width: 819px) 100vw, 819px\" \/><\/figure>\n\n\n\n<p><strong>VIDA: Vanina Heredia<\/strong><br>La artista con paletas vibrantes, diferentes ritmos y\u00a0\u00a0geometr\u00edas, revela los recuerdos y la memoria del Valle.\u00a0<\/p>\n\n\n\n<figure class=\"wp-block-image size-large\"><img loading=\"lazy\" decoding=\"async\" width=\"819\" height=\"1024\" src=\"https:\/\/cultura.sma.gob.ar\/wp-content\/uploads\/2024\/07\/SMA-LC0031-Monica-Maine-RRSS_-819x1024.jpg\" alt=\"\" class=\"wp-image-5863\" srcset=\"https:\/\/cultura.sma.gob.ar\/wp-content\/uploads\/2024\/07\/SMA-LC0031-Monica-Maine-RRSS_-819x1024.jpg 819w, https:\/\/cultura.sma.gob.ar\/wp-content\/uploads\/2024\/07\/SMA-LC0031-Monica-Maine-RRSS_-240x300.jpg 240w, https:\/\/cultura.sma.gob.ar\/wp-content\/uploads\/2024\/07\/SMA-LC0031-Monica-Maine-RRSS_-768x960.jpg 768w, https:\/\/cultura.sma.gob.ar\/wp-content\/uploads\/2024\/07\/SMA-LC0031-Monica-Maine-RRSS_-1229x1536.jpg 1229w, https:\/\/cultura.sma.gob.ar\/wp-content\/uploads\/2024\/07\/SMA-LC0031-Monica-Maine-RRSS_-1639x2048.jpg 1639w, https:\/\/cultura.sma.gob.ar\/wp-content\/uploads\/2024\/07\/SMA-LC0031-Monica-Maine-RRSS_-72x90.jpg 72w, https:\/\/cultura.sma.gob.ar\/wp-content\/uploads\/2024\/07\/SMA-LC0031-Monica-Maine-RRSS_-scaled.jpg 2048w\" sizes=\"auto, (max-width: 819px) 100vw, 819px\" \/><\/figure>\n\n\n\n<p><strong>LETRAS EN VUELO<\/strong>:\u00a0<strong>Monica Maine<\/strong><br>Letras en vuelo es reconocimiento a la maravillosa capacidad de lectura para transportarnos a un mundo donde las mentes pueden volar libremente, impulsadas por la belleza y el poder transformador de las palabras.\u00a0\u00a0<\/p>\n\n\n\n<figure class=\"wp-block-image size-large\"><img loading=\"lazy\" decoding=\"async\" width=\"494\" height=\"624\" src=\"https:\/\/cultura.sma.gob.ar\/wp-content\/uploads\/2024\/07\/Screenshot-2024-07-08-9.58.06-AM.png\" alt=\"\" class=\"wp-image-5864\" srcset=\"https:\/\/cultura.sma.gob.ar\/wp-content\/uploads\/2024\/07\/Screenshot-2024-07-08-9.58.06-AM.png 494w, https:\/\/cultura.sma.gob.ar\/wp-content\/uploads\/2024\/07\/Screenshot-2024-07-08-9.58.06-AM-238x300.png 238w, https:\/\/cultura.sma.gob.ar\/wp-content\/uploads\/2024\/07\/Screenshot-2024-07-08-9.58.06-AM-71x90.png 71w\" sizes=\"auto, (max-width: 494px) 100vw, 494px\" \/><\/figure>\n\n\n\n<p><strong>PATAGONIA MAGN\u00c9TICA<\/strong>: <strong>Camila Castaldo<\/strong><br>Inspirada en los paisajes de la Patagonia, la artista, transmite vivencias po\u00e9ticas, como lo es contemplar la naturaleza misma.\u00a0<\/p>\n","protected":false},"excerpt":{"rendered":"<p>Tres nuevas muestras de arte inauguran este viernes 12 de julio, a las 20 hs, en la Sala Lidaura Chapitel.\u00a0Estar\u00e1n expuestas hasta el 7 de agosto y se podr\u00e1n recorrer de lunes a viernes de 10 a 12 y de 16 a 20 hs, o los s\u00e1bado, de 15 a 19 hs. La entrada es abierta y gratuita. VIDA: Vanina HerediaLa artista con paletas vibrantes, &hellip; <a href=\"https:\/\/cultura.sma.gob.ar\/?p=5861\" class=\"more-link\">Continue reading <span class=\"screen-reader-text\">&#8220;Vida&#8221;, &#8220;Letras en vuelo&#8221; y &#8220;Patagonia magn\u00e9tica&#8221;: tres nuevas muestras en la Sala Chapitel<\/span><\/a><\/p>\n","protected":false},"author":1,"featured_media":295,"comment_status":"closed","ping_status":"","sticky":false,"template":"","format":"image","meta":{"footnotes":""},"categories":[6,9],"tags":[],"class_list":["post-5861","post","type-post","status-publish","format-image","has-post-thumbnail","hentry","category-sala-lidaura-chapitel","category-ultimas-noticias","post_format-post-format-image"],"_links":{"self":[{"href":"https:\/\/cultura.sma.gob.ar\/index.php?rest_route=\/wp\/v2\/posts\/5861","targetHints":{"allow":["GET"]}}],"collection":[{"href":"https:\/\/cultura.sma.gob.ar\/index.php?rest_route=\/wp\/v2\/posts"}],"about":[{"href":"https:\/\/cultura.sma.gob.ar\/index.php?rest_route=\/wp\/v2\/types\/post"}],"author":[{"embeddable":true,"href":"https:\/\/cultura.sma.gob.ar\/index.php?rest_route=\/wp\/v2\/users\/1"}],"replies":[{"embeddable":true,"href":"https:\/\/cultura.sma.gob.ar\/index.php?rest_route=%2Fwp%2Fv2%2Fcomments&post=5861"}],"version-history":[{"count":1,"href":"https:\/\/cultura.sma.gob.ar\/index.php?rest_route=\/wp\/v2\/posts\/5861\/revisions"}],"predecessor-version":[{"id":5865,"href":"https:\/\/cultura.sma.gob.ar\/index.php?rest_route=\/wp\/v2\/posts\/5861\/revisions\/5865"}],"wp:featuredmedia":[{"embeddable":true,"href":"https:\/\/cultura.sma.gob.ar\/index.php?rest_route=\/wp\/v2\/media\/295"}],"wp:attachment":[{"href":"https:\/\/cultura.sma.gob.ar\/index.php?rest_route=%2Fwp%2Fv2%2Fmedia&parent=5861"}],"wp:term":[{"taxonomy":"category","embeddable":true,"href":"https:\/\/cultura.sma.gob.ar\/index.php?rest_route=%2Fwp%2Fv2%2Fcategories&post=5861"},{"taxonomy":"post_tag","embeddable":true,"href":"https:\/\/cultura.sma.gob.ar\/index.php?rest_route=%2Fwp%2Fv2%2Ftags&post=5861"}],"curies":[{"name":"wp","href":"https:\/\/api.w.org\/{rel}","templated":true}]}}