{"id":5854,"date":"2024-07-04T14:58:30","date_gmt":"2024-07-04T17:58:30","guid":{"rendered":"http:\/\/cultura.sma.gob.ar\/?p=5854"},"modified":"2024-07-04T14:58:30","modified_gmt":"2024-07-04T17:58:30","slug":"actividad-por-el-dia-mundial-de-las-danzas-circulares","status":"publish","type":"post","link":"https:\/\/cultura.sma.gob.ar\/?p=5854","title":{"rendered":"Actividad por el d\u00eda mundial de las danzas circulares"},"content":{"rendered":"\n<figure class=\"wp-block-image size-large\"><img loading=\"lazy\" decoding=\"async\" width=\"715\" height=\"711\" src=\"https:\/\/cultura.sma.gob.ar\/wp-content\/uploads\/2024\/07\/Screenshot_20240703-141912-1.png\" alt=\"\" class=\"wp-image-5855\" srcset=\"https:\/\/cultura.sma.gob.ar\/wp-content\/uploads\/2024\/07\/Screenshot_20240703-141912-1.png 715w, https:\/\/cultura.sma.gob.ar\/wp-content\/uploads\/2024\/07\/Screenshot_20240703-141912-1-300x298.png 300w, https:\/\/cultura.sma.gob.ar\/wp-content\/uploads\/2024\/07\/Screenshot_20240703-141912-1-150x150.png 150w, https:\/\/cultura.sma.gob.ar\/wp-content\/uploads\/2024\/07\/Screenshot_20240703-141912-1-91x90.png 91w\" sizes=\"auto, (max-width: 715px) 100vw, 715px\" \/><\/figure>\n\n\n\n<p>El domingo 7 de julio se celebra el <strong>d\u00eda mundial de las danzas circulares<\/strong> y en San Mart\u00edn de los Andes tambi\u00e9n festejaremos danzando. A las 16 hs en el Jard\u00edn nro 43 (Mariano Moreno y 3 de Caballer\u00eda)<\/p>\n\n\n\n<p>No se necesita experiencia previa. Es una actividad libre y gratuita\u00a0<\/p>\n","protected":false},"excerpt":{"rendered":"<p>El domingo 7 de julio se celebra el d\u00eda mundial de las danzas circulares y en San Mart\u00edn de los Andes tambi\u00e9n festejaremos danzando. A las 16 hs en el Jard\u00edn nro 43 (Mariano Moreno y 3 de Caballer\u00eda) No se necesita experiencia previa. Es una actividad libre y gratuita\u00a0 <a href=\"https:\/\/cultura.sma.gob.ar\/?p=5854\" class=\"more-link\">Continue reading <span class=\"screen-reader-text\">Actividad por el d\u00eda mundial de las danzas circulares<\/span><\/a><\/p>\n","protected":false},"author":1,"featured_media":297,"comment_status":"closed","ping_status":"","sticky":false,"template":"","format":"image","meta":{"footnotes":""},"categories":[2,9],"tags":[],"class_list":["post-5854","post","type-post","status-publish","format-image","has-post-thumbnail","hentry","category-ciudad-cultural","category-ultimas-noticias","post_format-post-format-image"],"_links":{"self":[{"href":"https:\/\/cultura.sma.gob.ar\/index.php?rest_route=\/wp\/v2\/posts\/5854","targetHints":{"allow":["GET"]}}],"collection":[{"href":"https:\/\/cultura.sma.gob.ar\/index.php?rest_route=\/wp\/v2\/posts"}],"about":[{"href":"https:\/\/cultura.sma.gob.ar\/index.php?rest_route=\/wp\/v2\/types\/post"}],"author":[{"embeddable":true,"href":"https:\/\/cultura.sma.gob.ar\/index.php?rest_route=\/wp\/v2\/users\/1"}],"replies":[{"embeddable":true,"href":"https:\/\/cultura.sma.gob.ar\/index.php?rest_route=%2Fwp%2Fv2%2Fcomments&post=5854"}],"version-history":[{"count":1,"href":"https:\/\/cultura.sma.gob.ar\/index.php?rest_route=\/wp\/v2\/posts\/5854\/revisions"}],"predecessor-version":[{"id":5856,"href":"https:\/\/cultura.sma.gob.ar\/index.php?rest_route=\/wp\/v2\/posts\/5854\/revisions\/5856"}],"wp:featuredmedia":[{"embeddable":true,"href":"https:\/\/cultura.sma.gob.ar\/index.php?rest_route=\/wp\/v2\/media\/297"}],"wp:attachment":[{"href":"https:\/\/cultura.sma.gob.ar\/index.php?rest_route=%2Fwp%2Fv2%2Fmedia&parent=5854"}],"wp:term":[{"taxonomy":"category","embeddable":true,"href":"https:\/\/cultura.sma.gob.ar\/index.php?rest_route=%2Fwp%2Fv2%2Fcategories&post=5854"},{"taxonomy":"post_tag","embeddable":true,"href":"https:\/\/cultura.sma.gob.ar\/index.php?rest_route=%2Fwp%2Fv2%2Ftags&post=5854"}],"curies":[{"name":"wp","href":"https:\/\/api.w.org\/{rel}","templated":true}]}}