{"id":585,"date":"2020-11-04T23:32:41","date_gmt":"2020-11-05T02:32:41","guid":{"rendered":"http:\/\/cultura.sma.gob.ar\/?p=585"},"modified":"2020-11-04T23:32:41","modified_gmt":"2020-11-05T02:32:41","slug":"romina-olivero-14-feria-regional-del-libro","status":"publish","type":"post","link":"https:\/\/cultura.sma.gob.ar\/?p=585","title":{"rendered":"Romina Olivero | 14\u00b0 Feria Regional del Libro"},"content":{"rendered":"\n<figure class=\"wp-block-image size-large\"><img loading=\"lazy\" decoding=\"async\" width=\"775\" height=\"785\" src=\"http:\/\/cultura.sma.gob.ar\/wp-content\/uploads\/2020\/11\/ROMINA-OLIVERO.png\" alt=\"\" class=\"wp-image-586\" srcset=\"https:\/\/cultura.sma.gob.ar\/wp-content\/uploads\/2020\/11\/ROMINA-OLIVERO.png 775w, https:\/\/cultura.sma.gob.ar\/wp-content\/uploads\/2020\/11\/ROMINA-OLIVERO-296x300.png 296w, https:\/\/cultura.sma.gob.ar\/wp-content\/uploads\/2020\/11\/ROMINA-OLIVERO-768x778.png 768w, https:\/\/cultura.sma.gob.ar\/wp-content\/uploads\/2020\/11\/ROMINA-OLIVERO-89x90.png 89w\" sizes=\"auto, (max-width: 775px) 100vw, 775px\" \/><\/figure>\n\n\n\n<p>Por <strong>Ediciones de La Grieta<\/strong><\/p>\n\n\n\n<ul class=\"wp-block-list\"><li>Martes 10 &#8211; 21hs &#8211; Presentaci\u00f3n v\u00eda Zoom<\/li><\/ul>\n\n\n\n<p><strong>Romina Olivero<\/strong> naci\u00f3 en Bah\u00eda Blanca en 1979 y vive desde ni\u00f1a en la ciudad de Neuqu\u00e9n. Es Profesora en Letras por la Universidad Nacional del Comahue. Public\u00f3 \u201cCreer o Reventar\u201d (2013, junto a Carina Rita Medina), \u201cAc\u00e1 es As\u00ed\u201d (2016) y \u201cDorado en las puntas\u201d (2019). Participa de\u00a0 proyectos de poes\u00eda grupal y perform\u00e1tica.<\/p>\n","protected":false},"excerpt":{"rendered":"<p>Presentaci\u00f3n virtual <a href=\"https:\/\/cultura.sma.gob.ar\/?p=585\" class=\"more-link\">Continue reading <span class=\"screen-reader-text\">Romina Olivero | 14\u00b0 Feria Regional del Libro<\/span><\/a><\/p>\n","protected":false},"author":1,"featured_media":296,"comment_status":"closed","ping_status":"","sticky":false,"template":"","format":"image","meta":{"footnotes":""},"categories":[3,9],"tags":[],"class_list":["post-585","post","type-post","status-publish","format-image","has-post-thumbnail","hentry","category-eventos-cultura","category-ultimas-noticias","post_format-post-format-image"],"_links":{"self":[{"href":"https:\/\/cultura.sma.gob.ar\/index.php?rest_route=\/wp\/v2\/posts\/585","targetHints":{"allow":["GET"]}}],"collection":[{"href":"https:\/\/cultura.sma.gob.ar\/index.php?rest_route=\/wp\/v2\/posts"}],"about":[{"href":"https:\/\/cultura.sma.gob.ar\/index.php?rest_route=\/wp\/v2\/types\/post"}],"author":[{"embeddable":true,"href":"https:\/\/cultura.sma.gob.ar\/index.php?rest_route=\/wp\/v2\/users\/1"}],"replies":[{"embeddable":true,"href":"https:\/\/cultura.sma.gob.ar\/index.php?rest_route=%2Fwp%2Fv2%2Fcomments&post=585"}],"version-history":[{"count":1,"href":"https:\/\/cultura.sma.gob.ar\/index.php?rest_route=\/wp\/v2\/posts\/585\/revisions"}],"predecessor-version":[{"id":587,"href":"https:\/\/cultura.sma.gob.ar\/index.php?rest_route=\/wp\/v2\/posts\/585\/revisions\/587"}],"wp:featuredmedia":[{"embeddable":true,"href":"https:\/\/cultura.sma.gob.ar\/index.php?rest_route=\/wp\/v2\/media\/296"}],"wp:attachment":[{"href":"https:\/\/cultura.sma.gob.ar\/index.php?rest_route=%2Fwp%2Fv2%2Fmedia&parent=585"}],"wp:term":[{"taxonomy":"category","embeddable":true,"href":"https:\/\/cultura.sma.gob.ar\/index.php?rest_route=%2Fwp%2Fv2%2Fcategories&post=585"},{"taxonomy":"post_tag","embeddable":true,"href":"https:\/\/cultura.sma.gob.ar\/index.php?rest_route=%2Fwp%2Fv2%2Ftags&post=585"}],"curies":[{"name":"wp","href":"https:\/\/api.w.org\/{rel}","templated":true}]}}