{"id":5837,"date":"2024-07-01T10:02:52","date_gmt":"2024-07-01T13:02:52","guid":{"rendered":"http:\/\/cultura.sma.gob.ar\/?p=5837"},"modified":"2024-11-05T08:54:21","modified_gmt":"2024-11-05T11:54:21","slug":"inicia-un-nuevo-ciclo-de-cine-en-el-centro-cultural-cotesma-a-beneficio-de-la-asociacion-italiana","status":"publish","type":"post","link":"https:\/\/cultura.sma.gob.ar\/?p=5837","title":{"rendered":"Inicia un nuevo ciclo de cine en el Centro Cultural Cotesma, a beneficio de la Asociaci\u00f3n Italiana"},"content":{"rendered":"\n<figure class=\"wp-block-image size-large\"><img loading=\"lazy\" decoding=\"async\" width=\"460\" height=\"581\" src=\"http:\/\/cultura.sma.gob.ar\/wp-content\/uploads\/2024\/07\/Screenshot-2024-11-05-8.52.36-AM.png\" alt=\"\" class=\"wp-image-6181\" srcset=\"https:\/\/cultura.sma.gob.ar\/wp-content\/uploads\/2024\/07\/Screenshot-2024-11-05-8.52.36-AM.png 460w, https:\/\/cultura.sma.gob.ar\/wp-content\/uploads\/2024\/07\/Screenshot-2024-11-05-8.52.36-AM-238x300.png 238w, https:\/\/cultura.sma.gob.ar\/wp-content\/uploads\/2024\/07\/Screenshot-2024-11-05-8.52.36-AM-71x90.png 71w\" sizes=\"auto, (max-width: 460px) 100vw, 460px\" \/><\/figure>\n\n\n\n<p><br>\ud83c\udfac LLEGO NOVIEMBRE, y se viene el \u00faltimo ciclo del a\u00f1o con grandes pel\u00edculas para disfrutar como siempre! \u2728<br>Los esperamos, Mi\u00e9rcoles 20:30hrs para disfrutar buen cine! \ud83d\udcfd\ufe0f<\/p>\n","protected":false},"excerpt":{"rendered":"<p>\ud83c\udfac LLEGO NOVIEMBRE, y se viene el \u00faltimo ciclo del a\u00f1o con grandes pel\u00edculas para disfrutar como siempre! \u2728Los esperamos, Mi\u00e9rcoles 20:30hrs para disfrutar buen cine! \ud83d\udcfd\ufe0f <a href=\"https:\/\/cultura.sma.gob.ar\/?p=5837\" class=\"more-link\">Continue reading <span class=\"screen-reader-text\">Inicia un nuevo ciclo de cine en el Centro Cultural Cotesma, a beneficio de la Asociaci\u00f3n Italiana<\/span><\/a><\/p>\n","protected":false},"author":1,"featured_media":297,"comment_status":"closed","ping_status":"","sticky":false,"template":"","format":"image","meta":{"footnotes":""},"categories":[2,9],"tags":[],"class_list":["post-5837","post","type-post","status-publish","format-image","has-post-thumbnail","hentry","category-ciudad-cultural","category-ultimas-noticias","post_format-post-format-image"],"_links":{"self":[{"href":"https:\/\/cultura.sma.gob.ar\/index.php?rest_route=\/wp\/v2\/posts\/5837","targetHints":{"allow":["GET"]}}],"collection":[{"href":"https:\/\/cultura.sma.gob.ar\/index.php?rest_route=\/wp\/v2\/posts"}],"about":[{"href":"https:\/\/cultura.sma.gob.ar\/index.php?rest_route=\/wp\/v2\/types\/post"}],"author":[{"embeddable":true,"href":"https:\/\/cultura.sma.gob.ar\/index.php?rest_route=\/wp\/v2\/users\/1"}],"replies":[{"embeddable":true,"href":"https:\/\/cultura.sma.gob.ar\/index.php?rest_route=%2Fwp%2Fv2%2Fcomments&post=5837"}],"version-history":[{"count":5,"href":"https:\/\/cultura.sma.gob.ar\/index.php?rest_route=\/wp\/v2\/posts\/5837\/revisions"}],"predecessor-version":[{"id":6182,"href":"https:\/\/cultura.sma.gob.ar\/index.php?rest_route=\/wp\/v2\/posts\/5837\/revisions\/6182"}],"wp:featuredmedia":[{"embeddable":true,"href":"https:\/\/cultura.sma.gob.ar\/index.php?rest_route=\/wp\/v2\/media\/297"}],"wp:attachment":[{"href":"https:\/\/cultura.sma.gob.ar\/index.php?rest_route=%2Fwp%2Fv2%2Fmedia&parent=5837"}],"wp:term":[{"taxonomy":"category","embeddable":true,"href":"https:\/\/cultura.sma.gob.ar\/index.php?rest_route=%2Fwp%2Fv2%2Fcategories&post=5837"},{"taxonomy":"post_tag","embeddable":true,"href":"https:\/\/cultura.sma.gob.ar\/index.php?rest_route=%2Fwp%2Fv2%2Ftags&post=5837"}],"curies":[{"name":"wp","href":"https:\/\/api.w.org\/{rel}","templated":true}]}}