{"id":5826,"date":"2024-06-26T15:18:55","date_gmt":"2024-06-26T18:18:55","guid":{"rendered":"http:\/\/cultura.sma.gob.ar\/?p=5826"},"modified":"2024-07-16T09:52:55","modified_gmt":"2024-07-16T12:52:55","slug":"llega-el-8-festival-infantil-de-invierno","status":"publish","type":"post","link":"https:\/\/cultura.sma.gob.ar\/?p=5826","title":{"rendered":"Llega el 8\u00b0 Festival Infantil de Invierno"},"content":{"rendered":"\n<figure class=\"wp-block-image size-large\"><img loading=\"lazy\" decoding=\"async\" width=\"1024\" height=\"1024\" src=\"https:\/\/cultura.sma.gob.ar\/wp-content\/uploads\/2024\/06\/SMA-TJ0016-Festival-Infantil-de-Invierno-Cronograma-RRSS_1x1-copia-3-1024x1024.jpg\" alt=\"\" class=\"wp-image-5827\" srcset=\"https:\/\/cultura.sma.gob.ar\/wp-content\/uploads\/2024\/06\/SMA-TJ0016-Festival-Infantil-de-Invierno-Cronograma-RRSS_1x1-copia-3-1024x1024.jpg 1024w, https:\/\/cultura.sma.gob.ar\/wp-content\/uploads\/2024\/06\/SMA-TJ0016-Festival-Infantil-de-Invierno-Cronograma-RRSS_1x1-copia-3-300x300.jpg 300w, https:\/\/cultura.sma.gob.ar\/wp-content\/uploads\/2024\/06\/SMA-TJ0016-Festival-Infantil-de-Invierno-Cronograma-RRSS_1x1-copia-3-150x150.jpg 150w, https:\/\/cultura.sma.gob.ar\/wp-content\/uploads\/2024\/06\/SMA-TJ0016-Festival-Infantil-de-Invierno-Cronograma-RRSS_1x1-copia-3-768x768.jpg 768w, https:\/\/cultura.sma.gob.ar\/wp-content\/uploads\/2024\/06\/SMA-TJ0016-Festival-Infantil-de-Invierno-Cronograma-RRSS_1x1-copia-3-1536x1536.jpg 1536w, https:\/\/cultura.sma.gob.ar\/wp-content\/uploads\/2024\/06\/SMA-TJ0016-Festival-Infantil-de-Invierno-Cronograma-RRSS_1x1-copia-3-2048x2048.jpg 2048w, https:\/\/cultura.sma.gob.ar\/wp-content\/uploads\/2024\/06\/SMA-TJ0016-Festival-Infantil-de-Invierno-Cronograma-RRSS_1x1-copia-3-90x90.jpg 90w\" sizes=\"auto, (max-width: 1024px) 100vw, 1024px\" \/><\/figure>\n\n\n\n<p>Esta edici\u00f3n ya est\u00e1 lista para invitar a todas las familias a ser parte del 8\u00b0 Festival Infantil de Invierno. <\/p>\n\n\n\n<p>Comienza el s\u00e1bado 6 de julio y finaliza el s\u00e1bado 20 de julio.&nbsp; Son 14 las funciones que conforman la cartelera de este a\u00f1o, con propuestas para todas las infancias.<\/p>\n\n\n\n<p>Todas las funciones son a la gorra.&nbsp;Las entradas se podr\u00e1n reservar y&nbsp; retirar los tickets para cada funci\u00f3n en el Teatro San Jos\u00e9 (Drury 759), a partir del martes 2 de julio, de 9 a 18 hs de lunes a viernes, y los d\u00edas de funciones por boleter\u00eda del teatro.&nbsp;<\/p>\n\n\n\n<p>\u00a1Apurate a reservar tu entrada para la apertura!<\/p>\n\n\n\n<h2 class=\"wp-block-heading\">SINOPSIS DE OBRAS<\/h2>\n\n\n\n<p><strong>S\u00c1BADO 6 JULIO \u2013 16:00 HS. Y 18:00 HS. LAS MARAVILLAS EN EL PAIZ DE LAS HALISIAS<\/strong><\/p>\n\n\n\n<p>&#8220;LAS MARAVILLAS en el pa\u00edZ de las HaliSias\u201d es fruto de la lectura de \u201cAlicia en el pa\u00eds de las maravillas\u201d y de \u201cA trav\u00e9s del espejo y lo que Alicia encontr\u00f3 all\u00ed\u201d de Lewis Carrol. \u201cEn un patio, de vaya a saber qu\u00e9 lugar, dos lavanderas que noche tras noche despiertan en un nuevo sue\u00f1o sin saber si alguna vez despertar\u00e1n en la realidad. Es un viaje por un clima on\u00edrico permanente, juegos de palabras y adivinanzas. Todas las sorpresas y locuras que aparecen en un sue\u00f1o. Es una obra para ni\u00f1os y ni\u00f1as,o j\u00f3venes y grandes con ni\u00f1os dentro.<\/p>\n\n\n\n<p><strong>Domingo 7 de julio 16:00hs y 18:00 hs. Los Mellis &#8211; Un Viaje M\u00e1gico<\/strong><\/p>\n\n\n\n<p>Los Mellis se embarcar\u00e1n en una emocionante aventura desencadenada por el sue\u00f1o de Bri. Acompa\u00f1ados por el p\u00fablico, explorar\u00e1n escenarios fant\u00e1sticos y superar\u00e1n desaf\u00edos emocionantes. A medida que avancen en su viaje, se encontrar\u00e1n con personajes encantadores como la Reina de las Flores y el Sabio Ermita\u00f1o, enfrent\u00e1ndose a pruebas que pondr\u00e1n a prueba su amistad y valent\u00eda. Con canciones pegadizas y coreograf\u00edas llenas de energ\u00eda, el espect\u00e1culo brindar\u00e1 momentos de alegr\u00eda y ense\u00f1anzas valiosas sobre la amistad y la imaginaci\u00f3n.<\/p>\n\n\n\n<p><strong>Viernes 12 de julio, a las 16hs: Cirdante presenta la obra &#8220;Maravilla&#8221;<\/strong><\/p>\n\n\n\n<p>&#8220;Maravilla&#8221; es Siempre fuerte, imponente. Brillando a pesar de ser una tormenta inminente. Fluorescente y de porte incandescente. Sonriendo cautelosamente, lograr\u00e1 ganar las sonrisas de cada persona que la mire sin pesta\u00f1as.<\/p>\n\n\n\n<p><strong>Viernes 12 de julio a las 18hs, Circo Goyo presenta la obra &#8220;Goyo va al teatro&#8221;<\/strong><\/p>\n\n\n\n<p>Espect\u00e1culo con m\u00fasica en vivo pensado para salas teatrales. &#8220;Goyo va al teatro&#8221; es una propuesta para toda la familia, donde adem\u00e1s de hacer sorprendentes trucos, va a intentar romper un r\u00e9cord con su monociclo y habr\u00e1 globos, muchos globos.<\/p>\n\n\n\n<p><strong>S\u00e1bado 13 de julio, a las 16hs y 18hs: &#8220;Esas locas ganas de imaginar&#8221;<\/strong><\/p>\n\n\n\n<p>En &#8216;Esas locas ganas de imaginar&#8217;, un grupo de ni\u00f1os y ni\u00f1as se ven en la necesidad de dejar a un lado la televisi\u00f3n. Esta situaci\u00f3n desencadena una serie de emocionantes y m\u00e1gicas aventuras donde los peque\u00f1os se sumergen en un mundo lleno de imaginaci\u00f3n y creatividad. Juntos, exploran historias repletas de risas, aprendizaje y amistad, descubriendo as\u00ed que la verdadera magia esta en el poder de imaginar, jugar y crear juntos<\/p>\n\n\n\n<p><strong>Domingo 14, a las 16hs: &#8220;Cuentos con lobos&#8221;<\/strong><\/p>\n\n\n\n<p>Los lobos a\u00fallan en las noches de luna llena, tienen un olfato tan preciso que en un tris tras pueden descubrir al chanchito m\u00e1s astuto, sus pisadas son silenciosas y tienen una bocaza y unos dientes para \u00a1comerte mejor! No. \u00bfC\u00f3mo que no? Ac\u00e1 no. Los lobos son tiernos y tienen cola de pelusa; juegan a la pelota y les gusta la m\u00fasica. \u00bfPero seguro que son lobos? \u00bfLobos? S\u00ed, son lobos que cuentan otro cuento.<br>Cuentos con lobos, un espect\u00e1culo de narraci\u00f3n esc\u00e9nica y sombras para ensanchar el mundo.<\/p>\n\n\n\n<p><strong>Domingo 14, a las 18hs: &#8220;El show del Topo Chicho&#8221;<\/strong><\/p>\n\n\n\n<p>Unipersonal basado en las vivencias del personaje, atravesando por varias destrezas de circo, en busca de la aceptaci\u00f3n y la igualdad.<\/p>\n\n\n\n<p><strong>Viernes 19, a las 16hs: &#8220;Tut\u00fa&#8221;, de Cristal Circo<\/strong><\/p>\n\n\n\n<p>Es la historia de una bailarina cl\u00e1sica desempleada y con el coraz\u00f3n roto que se mete en el mundo del circo para poder seguir habitando los escenarios. Obsesionada y perfeccionista, para ella nunca es demasiado y por eso busca constantemente deslumbrar al p\u00fablico con exc\u00e9ntricas destrezas: Contorsiones, equilibrio en botellas, burbujas gigantes, acrobacia a\u00e9rea en lyra y algunas m\u00e1s. En clave de clown bailar\u00e1 e incluso tocar\u00e1 el acorde\u00f3n y sus campanitas en b\u00fasqueda de sonrisas y amor, logrando conquistar a un partenaire que la ayudar\u00e1 con las acrobacias. Cristal solo necesita un p\u00fablico para poder volver a brillar: su carisma y humor terminar\u00e1 enamorando a todos.<\/p>\n\n\n\n<p><strong>Viernes 19, 18hs: &#8220;Arco\u00edris de canciones&#8221;, de Carito Caro\u00e9<\/strong><\/p>\n\n\n\n<p>&#8220;Arcoiris de Canciones&#8221; es un espect\u00e1culo que combina la magia de la m\u00fasica con la<br>educaci\u00f3n, haciendo un recorrido con diversos instrumentos musicales como el ukelele, el piano, la guitarra y el acorde\u00f3n, adem\u00e1s de la poderosa voz de Carito Caro\u00e9. Cada canci\u00f3n es una puerta a un mundo nuevo, donde los ni\u00f1os no solo escuchan, sino que tambi\u00e9n participan, aprenden y se divierten. \u201cArcoiris de canciones\u201d es una propuesta l\u00fadico-musical participativa que invita a toda la familia a ser parte de su recorrido.<\/p>\n\n\n\n<p><strong>S\u00e1bado 20, a las 16 y a las 18hs: &#8220;Do\u00f1a Disparate y Bambuco&#8221;.<\/strong><\/p>\n\n\n\n<p>Do\u00f1a Disparate y Bambuco se embarcan en un viaje en busca de la famosa Naranja. El recorrido les har\u00e1 atravesar distintas aventuras, a partir de encontrarse con diferentes personajes. La obra se presenta con la l\u00f3gica de los sue\u00f1os donde todo es posible si le damos lugar a la imaginaci\u00f3n.<\/p>\n","protected":false},"excerpt":{"rendered":"<p>Esta edici\u00f3n ya est\u00e1 lista para invitar a todas las familias a ser parte del 8\u00b0 Festival Infantil de Invierno. Comienza el s\u00e1bado 6 de julio y finaliza el s\u00e1bado 20 de julio.&nbsp; Son 14 las funciones que conforman la cartelera de este a\u00f1o, con propuestas para todas las infancias. Todas las funciones son a la gorra.&nbsp;Las entradas se podr\u00e1n reservar y&nbsp; retirar los tickets &hellip; <a href=\"https:\/\/cultura.sma.gob.ar\/?p=5826\" class=\"more-link\">Continue reading <span class=\"screen-reader-text\">Llega el 8\u00b0 Festival Infantil de Invierno<\/span><\/a><\/p>\n","protected":false},"author":1,"featured_media":292,"comment_status":"closed","ping_status":"","sticky":false,"template":"","format":"image","meta":{"footnotes":""},"categories":[8,9],"tags":[],"class_list":["post-5826","post","type-post","status-publish","format-image","has-post-thumbnail","hentry","category-teatro-san-jose","category-ultimas-noticias","post_format-post-format-image"],"_links":{"self":[{"href":"https:\/\/cultura.sma.gob.ar\/index.php?rest_route=\/wp\/v2\/posts\/5826","targetHints":{"allow":["GET"]}}],"collection":[{"href":"https:\/\/cultura.sma.gob.ar\/index.php?rest_route=\/wp\/v2\/posts"}],"about":[{"href":"https:\/\/cultura.sma.gob.ar\/index.php?rest_route=\/wp\/v2\/types\/post"}],"author":[{"embeddable":true,"href":"https:\/\/cultura.sma.gob.ar\/index.php?rest_route=\/wp\/v2\/users\/1"}],"replies":[{"embeddable":true,"href":"https:\/\/cultura.sma.gob.ar\/index.php?rest_route=%2Fwp%2Fv2%2Fcomments&post=5826"}],"version-history":[{"count":6,"href":"https:\/\/cultura.sma.gob.ar\/index.php?rest_route=\/wp\/v2\/posts\/5826\/revisions"}],"predecessor-version":[{"id":5900,"href":"https:\/\/cultura.sma.gob.ar\/index.php?rest_route=\/wp\/v2\/posts\/5826\/revisions\/5900"}],"wp:featuredmedia":[{"embeddable":true,"href":"https:\/\/cultura.sma.gob.ar\/index.php?rest_route=\/wp\/v2\/media\/292"}],"wp:attachment":[{"href":"https:\/\/cultura.sma.gob.ar\/index.php?rest_route=%2Fwp%2Fv2%2Fmedia&parent=5826"}],"wp:term":[{"taxonomy":"category","embeddable":true,"href":"https:\/\/cultura.sma.gob.ar\/index.php?rest_route=%2Fwp%2Fv2%2Fcategories&post=5826"},{"taxonomy":"post_tag","embeddable":true,"href":"https:\/\/cultura.sma.gob.ar\/index.php?rest_route=%2Fwp%2Fv2%2Ftags&post=5826"}],"curies":[{"name":"wp","href":"https:\/\/api.w.org\/{rel}","templated":true}]}}