{"id":5823,"date":"2024-06-26T14:44:52","date_gmt":"2024-06-26T17:44:52","guid":{"rendered":"http:\/\/cultura.sma.gob.ar\/?p=5823"},"modified":"2024-06-26T14:44:52","modified_gmt":"2024-06-26T17:44:52","slug":"concierto-juvenil-de-la-orquesta-escuela-de-los-andes","status":"publish","type":"post","link":"https:\/\/cultura.sma.gob.ar\/?p=5823","title":{"rendered":"Concierto juvenil de la Orquesta Escuela de los Andes"},"content":{"rendered":"\n<figure class=\"wp-block-image\"><img decoding=\"async\" src=\"https:\/\/mail.google.com\/mail\/u\/0?ui=2&amp;ik=7a251f716f&amp;attid=0.0.1&amp;permmsgid=msg-f:1802868052188517860&amp;th=190512f10398d5e4&amp;view=fimg&amp;fur=ip&amp;sz=s0-l75-ft&amp;attbid=ANGjdJ9a4iKOPGWFvkCLyodqcNlkeSbLxe8Q1j0hbE2uLd5aMWjpnSSqcj-RQnwEdIaTOyuLpuVVYlNfXbxhmCJNcb9p2v5Oh2jykjkN0TKu5Tu4JAMpySADr4fVsMw&amp;disp=emb&amp;realattid=ii_190512e466bdae3e2881\" alt=\"\"\/><\/figure>\n\n\n\n<p>Desde la Orquesta Escuela de los Andes de la municipalidad de San Mart\u00edn de los Andes queremos invitarlos a este concierto de mitad de a\u00f1o que brindar\u00e1 nuestra Orquesta Juvenil. El mismo se realizar\u00e1 el pr\u00f3ximo viernes 05 de Julio , a las 20.30hs,  en el\u00a0 Espacio Trama.<\/p>\n\n\n\n<p>Las entradas ser\u00e1n a la gorra, \u00a0a beneficio de la orquesta a trav\u00e9s de la Asociaci\u00f3n Civil Amigos y Familiares de la Orquesta Escuela de los Andes con la cual juntamos fondos como todos los a\u00f1os\u00a0 para poder realizar proyectos socio educativos y comunitarios como\u00a0 viajes y conciertos did\u00e1cticos en escuelas de otras localidades de nuestro pa\u00eds.\u00a0\u00a0<\/p>\n\n\n\n<p>C\u00f3mo los cupos son limitados las entradas se entregar\u00e1n el mismo d\u00eda desde las 19hs por orden de llegada y hasta agotar la capacidad de la sala.\u00a0<\/p>\n","protected":false},"excerpt":{"rendered":"<p>Desde la Orquesta Escuela de los Andes de la municipalidad de San Mart\u00edn de los Andes queremos invitarlos a este concierto de mitad de a\u00f1o que brindar\u00e1 nuestra Orquesta Juvenil. El mismo se realizar\u00e1 el pr\u00f3ximo viernes 05 de Julio , a las 20.30hs, en el\u00a0 Espacio Trama. Las entradas ser\u00e1n a la gorra, \u00a0a beneficio de la orquesta a trav\u00e9s de la Asociaci\u00f3n Civil &hellip; <a href=\"https:\/\/cultura.sma.gob.ar\/?p=5823\" class=\"more-link\">Continue reading <span class=\"screen-reader-text\">Concierto juvenil de la Orquesta Escuela de los Andes<\/span><\/a><\/p>\n","protected":false},"author":1,"featured_media":293,"comment_status":"closed","ping_status":"","sticky":false,"template":"","format":"image","meta":{"footnotes":""},"categories":[7,9],"tags":[],"class_list":["post-5823","post","type-post","status-publish","format-image","has-post-thumbnail","hentry","category-talleres-cultura","category-ultimas-noticias","post_format-post-format-image"],"_links":{"self":[{"href":"https:\/\/cultura.sma.gob.ar\/index.php?rest_route=\/wp\/v2\/posts\/5823","targetHints":{"allow":["GET"]}}],"collection":[{"href":"https:\/\/cultura.sma.gob.ar\/index.php?rest_route=\/wp\/v2\/posts"}],"about":[{"href":"https:\/\/cultura.sma.gob.ar\/index.php?rest_route=\/wp\/v2\/types\/post"}],"author":[{"embeddable":true,"href":"https:\/\/cultura.sma.gob.ar\/index.php?rest_route=\/wp\/v2\/users\/1"}],"replies":[{"embeddable":true,"href":"https:\/\/cultura.sma.gob.ar\/index.php?rest_route=%2Fwp%2Fv2%2Fcomments&post=5823"}],"version-history":[{"count":1,"href":"https:\/\/cultura.sma.gob.ar\/index.php?rest_route=\/wp\/v2\/posts\/5823\/revisions"}],"predecessor-version":[{"id":5824,"href":"https:\/\/cultura.sma.gob.ar\/index.php?rest_route=\/wp\/v2\/posts\/5823\/revisions\/5824"}],"wp:featuredmedia":[{"embeddable":true,"href":"https:\/\/cultura.sma.gob.ar\/index.php?rest_route=\/wp\/v2\/media\/293"}],"wp:attachment":[{"href":"https:\/\/cultura.sma.gob.ar\/index.php?rest_route=%2Fwp%2Fv2%2Fmedia&parent=5823"}],"wp:term":[{"taxonomy":"category","embeddable":true,"href":"https:\/\/cultura.sma.gob.ar\/index.php?rest_route=%2Fwp%2Fv2%2Fcategories&post=5823"},{"taxonomy":"post_tag","embeddable":true,"href":"https:\/\/cultura.sma.gob.ar\/index.php?rest_route=%2Fwp%2Fv2%2Ftags&post=5823"}],"curies":[{"name":"wp","href":"https:\/\/api.w.org\/{rel}","templated":true}]}}