{"id":5809,"date":"2024-06-19T14:57:49","date_gmt":"2024-06-19T17:57:49","guid":{"rendered":"http:\/\/cultura.sma.gob.ar\/?p=5809"},"modified":"2024-06-19T14:57:49","modified_gmt":"2024-06-19T17:57:49","slug":"una-obra-en-proceso-domingo-23-en-el-teatro-san-jose","status":"publish","type":"post","link":"https:\/\/cultura.sma.gob.ar\/?p=5809","title":{"rendered":"Una obra en proceso: domingo 23 en el Teatro San Jos\u00e9"},"content":{"rendered":"\n<figure class=\"wp-block-image size-large\"><img loading=\"lazy\" decoding=\"async\" width=\"1024\" height=\"1024\" src=\"https:\/\/cultura.sma.gob.ar\/wp-content\/uploads\/2024\/06\/WhatsApp-Image-2024-06-18-at-15.16.06-1-1024x1024.jpeg\" alt=\"\" class=\"wp-image-5810\" srcset=\"https:\/\/cultura.sma.gob.ar\/wp-content\/uploads\/2024\/06\/WhatsApp-Image-2024-06-18-at-15.16.06-1-1024x1024.jpeg 1024w, https:\/\/cultura.sma.gob.ar\/wp-content\/uploads\/2024\/06\/WhatsApp-Image-2024-06-18-at-15.16.06-1-300x300.jpeg 300w, https:\/\/cultura.sma.gob.ar\/wp-content\/uploads\/2024\/06\/WhatsApp-Image-2024-06-18-at-15.16.06-1-150x150.jpeg 150w, https:\/\/cultura.sma.gob.ar\/wp-content\/uploads\/2024\/06\/WhatsApp-Image-2024-06-18-at-15.16.06-1-768x768.jpeg 768w, https:\/\/cultura.sma.gob.ar\/wp-content\/uploads\/2024\/06\/WhatsApp-Image-2024-06-18-at-15.16.06-1-90x90.jpeg 90w, https:\/\/cultura.sma.gob.ar\/wp-content\/uploads\/2024\/06\/WhatsApp-Image-2024-06-18-at-15.16.06-1.jpeg 1080w\" sizes=\"auto, (max-width: 1024px) 100vw, 1024px\" \/><\/figure>\n\n\n\n<p>Domigo 23 de junio en el Teatro San Jos\u00e9. 20:00 y 21:30 hs. <\/p>\n\n\n\n<p>Entrada gratuita\/ CUPOS LIMITADOS.\u00a0<\/p>\n\n\n\n<p><em>Les invitamos a participar de un ensayo abierto de la obra que estamos creando con @anto.deste, @nadeysha y @horivilla con la asistencia de Mar\u00eda Lugones. El pr\u00f3ximo domingo 23 a las 20hs o a las 21 30 hs, en el Teatro San Jos\u00e9. \u00a0Les pedimos que reserven sus lugares al (2944)227355 ya que hay cupos limitados. \u00a0Si te qued\u00e1s hasta el final vamos a charlar sobre nuestra experiencia y tu parecer. Gracias@suyaiot por la foto.<\/em><\/p>\n","protected":false},"excerpt":{"rendered":"<p>Domigo 23 de junio en el Teatro San Jos\u00e9. 20:00 y 21:30 hs. Entrada gratuita\/ CUPOS LIMITADOS.\u00a0 Les invitamos a participar de un ensayo abierto de la obra que estamos creando con @anto.deste, @nadeysha y @horivilla con la asistencia de Mar\u00eda Lugones. El pr\u00f3ximo domingo 23 a las 20hs o a las 21 30 hs, en el Teatro San Jos\u00e9. \u00a0Les pedimos que reserven sus &hellip; <a href=\"https:\/\/cultura.sma.gob.ar\/?p=5809\" class=\"more-link\">Continue reading <span class=\"screen-reader-text\">Una obra en proceso: domingo 23 en el Teatro San Jos\u00e9<\/span><\/a><\/p>\n","protected":false},"author":1,"featured_media":292,"comment_status":"closed","ping_status":"","sticky":false,"template":"","format":"image","meta":{"footnotes":""},"categories":[8,9],"tags":[],"class_list":["post-5809","post","type-post","status-publish","format-image","has-post-thumbnail","hentry","category-teatro-san-jose","category-ultimas-noticias","post_format-post-format-image"],"_links":{"self":[{"href":"https:\/\/cultura.sma.gob.ar\/index.php?rest_route=\/wp\/v2\/posts\/5809","targetHints":{"allow":["GET"]}}],"collection":[{"href":"https:\/\/cultura.sma.gob.ar\/index.php?rest_route=\/wp\/v2\/posts"}],"about":[{"href":"https:\/\/cultura.sma.gob.ar\/index.php?rest_route=\/wp\/v2\/types\/post"}],"author":[{"embeddable":true,"href":"https:\/\/cultura.sma.gob.ar\/index.php?rest_route=\/wp\/v2\/users\/1"}],"replies":[{"embeddable":true,"href":"https:\/\/cultura.sma.gob.ar\/index.php?rest_route=%2Fwp%2Fv2%2Fcomments&post=5809"}],"version-history":[{"count":1,"href":"https:\/\/cultura.sma.gob.ar\/index.php?rest_route=\/wp\/v2\/posts\/5809\/revisions"}],"predecessor-version":[{"id":5812,"href":"https:\/\/cultura.sma.gob.ar\/index.php?rest_route=\/wp\/v2\/posts\/5809\/revisions\/5812"}],"wp:featuredmedia":[{"embeddable":true,"href":"https:\/\/cultura.sma.gob.ar\/index.php?rest_route=\/wp\/v2\/media\/292"}],"wp:attachment":[{"href":"https:\/\/cultura.sma.gob.ar\/index.php?rest_route=%2Fwp%2Fv2%2Fmedia&parent=5809"}],"wp:term":[{"taxonomy":"category","embeddable":true,"href":"https:\/\/cultura.sma.gob.ar\/index.php?rest_route=%2Fwp%2Fv2%2Fcategories&post=5809"},{"taxonomy":"post_tag","embeddable":true,"href":"https:\/\/cultura.sma.gob.ar\/index.php?rest_route=%2Fwp%2Fv2%2Ftags&post=5809"}],"curies":[{"name":"wp","href":"https:\/\/api.w.org\/{rel}","templated":true}]}}