{"id":5799,"date":"2024-06-13T10:00:06","date_gmt":"2024-06-13T13:00:06","guid":{"rendered":"http:\/\/cultura.sma.gob.ar\/?p=5799"},"modified":"2024-06-13T10:00:06","modified_gmt":"2024-06-13T13:00:06","slug":"pequenas-historias-de-circo-en-el-ccc","status":"publish","type":"post","link":"https:\/\/cultura.sma.gob.ar\/?p=5799","title":{"rendered":"&#8220;Peque\u00f1as historias de circo&#8221; en el CCC"},"content":{"rendered":"\n<figure class=\"wp-block-image size-large\"><img loading=\"lazy\" decoding=\"async\" width=\"1024\" height=\"1024\" src=\"https:\/\/cultura.sma.gob.ar\/wp-content\/uploads\/2024\/06\/pequenas-historias-de-circo-Recuperado_Mesa-de-trabajo-1-1024x1024.jpg\" alt=\"\" class=\"wp-image-5800\" srcset=\"https:\/\/cultura.sma.gob.ar\/wp-content\/uploads\/2024\/06\/pequenas-historias-de-circo-Recuperado_Mesa-de-trabajo-1-1024x1024.jpg 1024w, https:\/\/cultura.sma.gob.ar\/wp-content\/uploads\/2024\/06\/pequenas-historias-de-circo-Recuperado_Mesa-de-trabajo-1-300x300.jpg 300w, https:\/\/cultura.sma.gob.ar\/wp-content\/uploads\/2024\/06\/pequenas-historias-de-circo-Recuperado_Mesa-de-trabajo-1-150x150.jpg 150w, https:\/\/cultura.sma.gob.ar\/wp-content\/uploads\/2024\/06\/pequenas-historias-de-circo-Recuperado_Mesa-de-trabajo-1-768x768.jpg 768w, https:\/\/cultura.sma.gob.ar\/wp-content\/uploads\/2024\/06\/pequenas-historias-de-circo-Recuperado_Mesa-de-trabajo-1-1536x1536.jpg 1536w, https:\/\/cultura.sma.gob.ar\/wp-content\/uploads\/2024\/06\/pequenas-historias-de-circo-Recuperado_Mesa-de-trabajo-1-2048x2048.jpg 2048w, https:\/\/cultura.sma.gob.ar\/wp-content\/uploads\/2024\/06\/pequenas-historias-de-circo-Recuperado_Mesa-de-trabajo-1-90x90.jpg 90w\" sizes=\"auto, (max-width: 1024px) 100vw, 1024px\" \/><\/figure>\n\n\n\n<p>S\u00e1bado 22 de junio a las 19hs, en la Sala Amankay, vuelven las \u201cPEQUE\u00d1AS HISTORIAS DE CIRCO\u201d, imperdible show fusi\u00f3n para las infancias.<\/p>\n\n\n\n<p>Espect\u00e1culo familiar para quienes quieran disfrutar de peque\u00f1as historias de circo, donde podr\u00e1n asombrarse con mucha alegr\u00eda de las acrobacias, danza, destrezas, m\u00fasica y aventuras de los artistas circenses. En esta oportunidad se presentar\u00e1n las siguientes compa\u00f1\u00edas y artistas D\u00fao Patagonia, &nbsp;Cristal circo y Sabrina.<\/p>\n\n\n\n<p>Entrada General $3000 o 4 personas por $10.000, menosde de 4 no pagan,en venta en la boleteria del Centro&nbsp;Cultural.<\/p>\n","protected":false},"excerpt":{"rendered":"<p>S\u00e1bado 22 de junio a las 19hs, en la Sala Amankay, vuelven las \u201cPEQUE\u00d1AS HISTORIAS DE CIRCO\u201d, imperdible show fusi\u00f3n para las infancias. Espect\u00e1culo familiar para quienes quieran disfrutar de peque\u00f1as historias de circo, donde podr\u00e1n asombrarse con mucha alegr\u00eda de las acrobacias, danza, destrezas, m\u00fasica y aventuras de los artistas circenses. En esta oportunidad se presentar\u00e1n las siguientes compa\u00f1\u00edas y artistas D\u00fao Patagonia, &nbsp;Cristal &hellip; <a href=\"https:\/\/cultura.sma.gob.ar\/?p=5799\" class=\"more-link\">Continue reading <span class=\"screen-reader-text\">&#8220;Peque\u00f1as historias de circo&#8221; en el CCC<\/span><\/a><\/p>\n","protected":false},"author":1,"featured_media":297,"comment_status":"closed","ping_status":"","sticky":false,"template":"","format":"image","meta":{"footnotes":""},"categories":[2,9],"tags":[],"class_list":["post-5799","post","type-post","status-publish","format-image","has-post-thumbnail","hentry","category-ciudad-cultural","category-ultimas-noticias","post_format-post-format-image"],"_links":{"self":[{"href":"https:\/\/cultura.sma.gob.ar\/index.php?rest_route=\/wp\/v2\/posts\/5799","targetHints":{"allow":["GET"]}}],"collection":[{"href":"https:\/\/cultura.sma.gob.ar\/index.php?rest_route=\/wp\/v2\/posts"}],"about":[{"href":"https:\/\/cultura.sma.gob.ar\/index.php?rest_route=\/wp\/v2\/types\/post"}],"author":[{"embeddable":true,"href":"https:\/\/cultura.sma.gob.ar\/index.php?rest_route=\/wp\/v2\/users\/1"}],"replies":[{"embeddable":true,"href":"https:\/\/cultura.sma.gob.ar\/index.php?rest_route=%2Fwp%2Fv2%2Fcomments&post=5799"}],"version-history":[{"count":1,"href":"https:\/\/cultura.sma.gob.ar\/index.php?rest_route=\/wp\/v2\/posts\/5799\/revisions"}],"predecessor-version":[{"id":5801,"href":"https:\/\/cultura.sma.gob.ar\/index.php?rest_route=\/wp\/v2\/posts\/5799\/revisions\/5801"}],"wp:featuredmedia":[{"embeddable":true,"href":"https:\/\/cultura.sma.gob.ar\/index.php?rest_route=\/wp\/v2\/media\/297"}],"wp:attachment":[{"href":"https:\/\/cultura.sma.gob.ar\/index.php?rest_route=%2Fwp%2Fv2%2Fmedia&parent=5799"}],"wp:term":[{"taxonomy":"category","embeddable":true,"href":"https:\/\/cultura.sma.gob.ar\/index.php?rest_route=%2Fwp%2Fv2%2Fcategories&post=5799"},{"taxonomy":"post_tag","embeddable":true,"href":"https:\/\/cultura.sma.gob.ar\/index.php?rest_route=%2Fwp%2Fv2%2Ftags&post=5799"}],"curies":[{"name":"wp","href":"https:\/\/api.w.org\/{rel}","templated":true}]}}