{"id":5794,"date":"2024-06-12T15:20:43","date_gmt":"2024-06-12T18:20:43","guid":{"rendered":"http:\/\/cultura.sma.gob.ar\/?p=5794"},"modified":"2024-06-12T15:20:43","modified_gmt":"2024-06-12T18:20:43","slug":"concurso-internacional-de-opera-argentina-italia-m-gino-conti-x-edicion","status":"publish","type":"post","link":"https:\/\/cultura.sma.gob.ar\/?p=5794","title":{"rendered":"CONCURSO INTERNACIONAL DE \u00d3PERA: ARGENTINA &#8211; ITALIA &#8220;M\u00b0 GINO CONTI&#8221; &#8211; X edici\u00f3n"},"content":{"rendered":"\n<figure class=\"wp-block-image size-large\"><img loading=\"lazy\" decoding=\"async\" width=\"558\" height=\"1024\" src=\"https:\/\/cultura.sma.gob.ar\/wp-content\/uploads\/2024\/06\/WhatsApp-Image-2024-06-06-at-17.16.15-558x1024.jpeg\" alt=\"\" class=\"wp-image-5795\" srcset=\"https:\/\/cultura.sma.gob.ar\/wp-content\/uploads\/2024\/06\/WhatsApp-Image-2024-06-06-at-17.16.15-558x1024.jpeg 558w, https:\/\/cultura.sma.gob.ar\/wp-content\/uploads\/2024\/06\/WhatsApp-Image-2024-06-06-at-17.16.15-164x300.jpeg 164w, https:\/\/cultura.sma.gob.ar\/wp-content\/uploads\/2024\/06\/WhatsApp-Image-2024-06-06-at-17.16.15-768x1409.jpeg 768w, https:\/\/cultura.sma.gob.ar\/wp-content\/uploads\/2024\/06\/WhatsApp-Image-2024-06-06-at-17.16.15-837x1536.jpeg 837w, https:\/\/cultura.sma.gob.ar\/wp-content\/uploads\/2024\/06\/WhatsApp-Image-2024-06-06-at-17.16.15-49x90.jpeg 49w, https:\/\/cultura.sma.gob.ar\/wp-content\/uploads\/2024\/06\/WhatsApp-Image-2024-06-06-at-17.16.15.jpeg 872w\" sizes=\"auto, (max-width: 558px) 100vw, 558px\" \/><\/figure>\n\n\n\n<p> 10\u00b0 edici\u00f3n Julio \/ Octubre 2024. Para cantantes l\u00edricos profesionales y en formaci\u00f3n, en\u00a0 categor\u00edas 18 a 35 a\u00f1os y mayores de 35 a\u00f1os<\/p>\n\n\n\n<p>\u00a7 Otorga cupos (con hospedaje por cuatro noches) para la Gran Final Internacional 2025 del Concorso per Cantanti Lirici &#8220;Citt\u00e0 di Alcano&#8221; en Sicilia, Italia.\u00a0<\/p>\n\n\n\n<p>\u00a7 Sedes Presenciales en: Gral. Belgrano y Mar del Plata, Bs. As. \/\/ La Cumbre, C\u00f3rdoba \/\/ San Mart\u00edn de los Andes, Neuqu\u00e9n.\u00a0<\/p>\n\n\n\n<p>\u00a7 Nuevo Formato Virtual\/Presencial.\u00a0<\/p>\n\n\n\n<p>\u00a7 Definici\u00f3n de Instancias Finales en Conciertos Abiertos al P\u00fablico.\u00a0<\/p>\n\n\n\n<p><strong>Informes e inscripci\u00f3n desde el 1 de junio al 15 de julio 2024<\/strong><\/p>\n\n\n\n<p><a rel=\"noreferrer noopener\" href=\"mailto:concursointernacionaldeopera@gmail.com\" target=\"_blank\">concursointernacionaldeopera@gmail.com<\/a>\u00a0<\/p>\n\n\n\n<p>Contacto: +5492612309581<\/p>\n\n\n\n<p>En IG: @il.baritono<\/p>\n","protected":false},"excerpt":{"rendered":"<p>10\u00b0 edici\u00f3n Julio \/ Octubre 2024. Para cantantes l\u00edricos profesionales y en formaci\u00f3n, en\u00a0 categor\u00edas 18 a 35 a\u00f1os y mayores de 35 a\u00f1os \u00a7 Otorga cupos (con hospedaje por cuatro noches) para la Gran Final Internacional 2025 del Concorso per Cantanti Lirici &#8220;Citt\u00e0 di Alcano&#8221; en Sicilia, Italia.\u00a0 \u00a7 Sedes Presenciales en: Gral. Belgrano y Mar del Plata, Bs. As. \/\/ La Cumbre, C\u00f3rdoba &hellip; <a href=\"https:\/\/cultura.sma.gob.ar\/?p=5794\" class=\"more-link\">Continue reading <span class=\"screen-reader-text\">CONCURSO INTERNACIONAL DE \u00d3PERA: ARGENTINA &#8211; ITALIA &#8220;M\u00b0 GINO CONTI&#8221; &#8211; X edici\u00f3n<\/span><\/a><\/p>\n","protected":false},"author":1,"featured_media":292,"comment_status":"closed","ping_status":"","sticky":false,"template":"","format":"image","meta":{"footnotes":""},"categories":[8,9],"tags":[],"class_list":["post-5794","post","type-post","status-publish","format-image","has-post-thumbnail","hentry","category-teatro-san-jose","category-ultimas-noticias","post_format-post-format-image"],"_links":{"self":[{"href":"https:\/\/cultura.sma.gob.ar\/index.php?rest_route=\/wp\/v2\/posts\/5794","targetHints":{"allow":["GET"]}}],"collection":[{"href":"https:\/\/cultura.sma.gob.ar\/index.php?rest_route=\/wp\/v2\/posts"}],"about":[{"href":"https:\/\/cultura.sma.gob.ar\/index.php?rest_route=\/wp\/v2\/types\/post"}],"author":[{"embeddable":true,"href":"https:\/\/cultura.sma.gob.ar\/index.php?rest_route=\/wp\/v2\/users\/1"}],"replies":[{"embeddable":true,"href":"https:\/\/cultura.sma.gob.ar\/index.php?rest_route=%2Fwp%2Fv2%2Fcomments&post=5794"}],"version-history":[{"count":1,"href":"https:\/\/cultura.sma.gob.ar\/index.php?rest_route=\/wp\/v2\/posts\/5794\/revisions"}],"predecessor-version":[{"id":5796,"href":"https:\/\/cultura.sma.gob.ar\/index.php?rest_route=\/wp\/v2\/posts\/5794\/revisions\/5796"}],"wp:featuredmedia":[{"embeddable":true,"href":"https:\/\/cultura.sma.gob.ar\/index.php?rest_route=\/wp\/v2\/media\/292"}],"wp:attachment":[{"href":"https:\/\/cultura.sma.gob.ar\/index.php?rest_route=%2Fwp%2Fv2%2Fmedia&parent=5794"}],"wp:term":[{"taxonomy":"category","embeddable":true,"href":"https:\/\/cultura.sma.gob.ar\/index.php?rest_route=%2Fwp%2Fv2%2Fcategories&post=5794"},{"taxonomy":"post_tag","embeddable":true,"href":"https:\/\/cultura.sma.gob.ar\/index.php?rest_route=%2Fwp%2Fv2%2Ftags&post=5794"}],"curies":[{"name":"wp","href":"https:\/\/api.w.org\/{rel}","templated":true}]}}