{"id":579,"date":"2020-11-04T23:21:39","date_gmt":"2020-11-05T02:21:39","guid":{"rendered":"http:\/\/cultura.sma.gob.ar\/?p=579"},"modified":"2020-11-04T23:21:39","modified_gmt":"2020-11-05T02:21:39","slug":"miguel-selser-14-feria-regional-del-libro","status":"publish","type":"post","link":"https:\/\/cultura.sma.gob.ar\/?p=579","title":{"rendered":"Miguel Selser &#8211; 14\u00b0 Feria Regional del Libro"},"content":{"rendered":"\n<figure class=\"wp-block-image size-large\"><img loading=\"lazy\" decoding=\"async\" width=\"765\" height=\"771\" src=\"http:\/\/cultura.sma.gob.ar\/wp-content\/uploads\/2020\/11\/selser.png\" alt=\"\" class=\"wp-image-580\" srcset=\"https:\/\/cultura.sma.gob.ar\/wp-content\/uploads\/2020\/11\/selser.png 765w, https:\/\/cultura.sma.gob.ar\/wp-content\/uploads\/2020\/11\/selser-298x300.png 298w, https:\/\/cultura.sma.gob.ar\/wp-content\/uploads\/2020\/11\/selser-150x150.png 150w, https:\/\/cultura.sma.gob.ar\/wp-content\/uploads\/2020\/11\/selser-89x90.png 89w\" sizes=\"auto, (max-width: 765px) 100vw, 765px\" \/><\/figure>\n\n\n\n<p>Por <strong>Orcalumis<\/strong><\/p>\n\n\n\n<ul class=\"wp-block-list\"><li>Lunes 9 &#8211; 20:15hs &#8211; Presentaci\u00f3n v\u00eda Zoom<\/li><\/ul>\n\n\n\n<p>En la novela <strong>\u201cEs como una curva que no termina nunca\u201d<\/strong> el narrador, Amaro Villalonga, se hace eco de algunas versiones sobre lo que le pudo haber ocurrido a Nati y se pregunta: \u00bfQu\u00e9 le pas\u00f3? \u00bfD\u00f3nde est\u00e1? \u00bfC\u00f3mo puede ser que suceda algo as\u00ed?\u00a0Detr\u00e1s de esa representaci\u00f3n de la realidad hay alguien que est\u00e1 sufriendo. Un relato cercano al non-fiction que da cuenta de la imposibilidad de escribir y descreer de la novela.\u00a0<\/p>\n\n\n\n<p><strong>Miguel Selser<\/strong> (Lan\u00fas, 1968) es profesor de Literatura. Public\u00f3 cuentos en la revista Buzos, coordin\u00f3 el blog literario Graciela Duf\u00f3 y fue editor del fanzine de literatura breve Ars Combustia.\u00a0<\/p>\n","protected":false},"excerpt":{"rendered":"<p>Presentaci\u00f3n virtual <a href=\"https:\/\/cultura.sma.gob.ar\/?p=579\" class=\"more-link\">Continue reading <span class=\"screen-reader-text\">Miguel Selser &#8211; 14\u00b0 Feria Regional del Libro<\/span><\/a><\/p>\n","protected":false},"author":1,"featured_media":296,"comment_status":"closed","ping_status":"","sticky":false,"template":"","format":"image","meta":{"footnotes":""},"categories":[3,9],"tags":[],"class_list":["post-579","post","type-post","status-publish","format-image","has-post-thumbnail","hentry","category-eventos-cultura","category-ultimas-noticias","post_format-post-format-image"],"_links":{"self":[{"href":"https:\/\/cultura.sma.gob.ar\/index.php?rest_route=\/wp\/v2\/posts\/579","targetHints":{"allow":["GET"]}}],"collection":[{"href":"https:\/\/cultura.sma.gob.ar\/index.php?rest_route=\/wp\/v2\/posts"}],"about":[{"href":"https:\/\/cultura.sma.gob.ar\/index.php?rest_route=\/wp\/v2\/types\/post"}],"author":[{"embeddable":true,"href":"https:\/\/cultura.sma.gob.ar\/index.php?rest_route=\/wp\/v2\/users\/1"}],"replies":[{"embeddable":true,"href":"https:\/\/cultura.sma.gob.ar\/index.php?rest_route=%2Fwp%2Fv2%2Fcomments&post=579"}],"version-history":[{"count":1,"href":"https:\/\/cultura.sma.gob.ar\/index.php?rest_route=\/wp\/v2\/posts\/579\/revisions"}],"predecessor-version":[{"id":581,"href":"https:\/\/cultura.sma.gob.ar\/index.php?rest_route=\/wp\/v2\/posts\/579\/revisions\/581"}],"wp:featuredmedia":[{"embeddable":true,"href":"https:\/\/cultura.sma.gob.ar\/index.php?rest_route=\/wp\/v2\/media\/296"}],"wp:attachment":[{"href":"https:\/\/cultura.sma.gob.ar\/index.php?rest_route=%2Fwp%2Fv2%2Fmedia&parent=579"}],"wp:term":[{"taxonomy":"category","embeddable":true,"href":"https:\/\/cultura.sma.gob.ar\/index.php?rest_route=%2Fwp%2Fv2%2Fcategories&post=579"},{"taxonomy":"post_tag","embeddable":true,"href":"https:\/\/cultura.sma.gob.ar\/index.php?rest_route=%2Fwp%2Fv2%2Ftags&post=579"}],"curies":[{"name":"wp","href":"https:\/\/api.w.org\/{rel}","templated":true}]}}