{"id":5784,"date":"2024-06-06T16:24:20","date_gmt":"2024-06-06T19:24:20","guid":{"rendered":"http:\/\/cultura.sma.gob.ar\/?p=5784"},"modified":"2024-06-06T16:24:20","modified_gmt":"2024-06-06T19:24:20","slug":"inauguran-dos-nuevas-muestras-en-la-sala-chapitel","status":"publish","type":"post","link":"https:\/\/cultura.sma.gob.ar\/?p=5784","title":{"rendered":"Inauguran dos nuevas muestras en la Sala Chapitel"},"content":{"rendered":"\n<p><strong>COLECTIVO VISUAL LE STREGHE (Judith Castro, Roxana Fracticola y Elena Maceiras)<br>Conciencia en unidad<br>Inaugura el 14 de junio a las 20 hs. con cuencos y gong a cargo de Sergio Kuanto.<\/strong><br><br>A trav\u00e9s de una b\u00fasqueda introspectiva guiada mediante visualizaciones, meditaci\u00f3n, chamanismo y otras t\u00e9cnicas, las artistas\u00a0transitan el camino que expresa la b\u00fasqueda humana de lo trascendente. <em>Conciencia en unidad\u00a0<\/em>es el resultado del viaje de Le Streghe hacia una nueva visi\u00f3n del mundo.<\/p>\n\n\n\n<figure class=\"wp-block-image size-large\"><img loading=\"lazy\" decoding=\"async\" width=\"499\" height=\"619\" src=\"https:\/\/cultura.sma.gob.ar\/wp-content\/uploads\/2024\/06\/Screenshot-2024-06-06-4.23.17-PM.png\" alt=\"\" class=\"wp-image-5786\" srcset=\"https:\/\/cultura.sma.gob.ar\/wp-content\/uploads\/2024\/06\/Screenshot-2024-06-06-4.23.17-PM.png 499w, https:\/\/cultura.sma.gob.ar\/wp-content\/uploads\/2024\/06\/Screenshot-2024-06-06-4.23.17-PM-242x300.png 242w, https:\/\/cultura.sma.gob.ar\/wp-content\/uploads\/2024\/06\/Screenshot-2024-06-06-4.23.17-PM-73x90.png 73w\" sizes=\"auto, (max-width: 499px) 100vw, 499px\" \/><\/figure>\n\n\n\n<p><strong>SOF\u00cdA LA PLACA QUEREJETA<br>Rostros<br>Inaugura el 14 de junio a las 20 hs.<\/strong><\/p>\n\n\n\n<p><em>Rostros<\/em>\u00a0pintados con mucho color en acr\u00edlico sobre bastidores. Cada uno de ellos tiene un significado muy especial en la vida de Sof\u00eda. Los dise\u00f1os, nombres y t\u00e9cnicas son decisiones suyas. Le acompa\u00f1an los pinceles y la hermosa naturaleza de su amada ciudad de San Mart\u00edn de los Andes.<\/p>\n\n\n\n<p><strong>Ambas muestras estar\u00e1n abiertas hasta el 3 de julio. Lunes a viernes de 10 a 12 y de 16 a 20 hs.\u00a0S\u00e1bado 15 a 19 hs. Entrada abierta y gratuita<\/strong><\/p>\n\n\n\n<figure class=\"wp-block-image size-large\"><img loading=\"lazy\" decoding=\"async\" width=\"1024\" height=\"1024\" src=\"https:\/\/cultura.sma.gob.ar\/wp-content\/uploads\/2024\/06\/SMA-LC1-1024x1024.jpg\" alt=\"\" class=\"wp-image-5785\" srcset=\"https:\/\/cultura.sma.gob.ar\/wp-content\/uploads\/2024\/06\/SMA-LC1-1024x1024.jpg 1024w, https:\/\/cultura.sma.gob.ar\/wp-content\/uploads\/2024\/06\/SMA-LC1-300x300.jpg 300w, https:\/\/cultura.sma.gob.ar\/wp-content\/uploads\/2024\/06\/SMA-LC1-150x150.jpg 150w, https:\/\/cultura.sma.gob.ar\/wp-content\/uploads\/2024\/06\/SMA-LC1-768x768.jpg 768w, https:\/\/cultura.sma.gob.ar\/wp-content\/uploads\/2024\/06\/SMA-LC1-1536x1536.jpg 1536w, https:\/\/cultura.sma.gob.ar\/wp-content\/uploads\/2024\/06\/SMA-LC1-2048x2048.jpg 2048w, https:\/\/cultura.sma.gob.ar\/wp-content\/uploads\/2024\/06\/SMA-LC1-90x90.jpg 90w\" sizes=\"auto, (max-width: 1024px) 100vw, 1024px\" \/><\/figure>\n","protected":false},"excerpt":{"rendered":"<p>COLECTIVO VISUAL LE STREGHE (Judith Castro, Roxana Fracticola y Elena Maceiras)Conciencia en unidadInaugura el 14 de junio a las 20 hs. con cuencos y gong a cargo de Sergio Kuanto. A trav\u00e9s de una b\u00fasqueda introspectiva guiada mediante visualizaciones, meditaci\u00f3n, chamanismo y otras t\u00e9cnicas, las artistas\u00a0transitan el camino que expresa la b\u00fasqueda humana de lo trascendente. Conciencia en unidad\u00a0es el resultado del viaje de Le &hellip; <a href=\"https:\/\/cultura.sma.gob.ar\/?p=5784\" class=\"more-link\">Continue reading <span class=\"screen-reader-text\">Inauguran dos nuevas muestras en la Sala Chapitel<\/span><\/a><\/p>\n","protected":false},"author":1,"featured_media":295,"comment_status":"closed","ping_status":"","sticky":false,"template":"","format":"image","meta":{"footnotes":""},"categories":[6,9],"tags":[],"class_list":["post-5784","post","type-post","status-publish","format-image","has-post-thumbnail","hentry","category-sala-lidaura-chapitel","category-ultimas-noticias","post_format-post-format-image"],"_links":{"self":[{"href":"https:\/\/cultura.sma.gob.ar\/index.php?rest_route=\/wp\/v2\/posts\/5784","targetHints":{"allow":["GET"]}}],"collection":[{"href":"https:\/\/cultura.sma.gob.ar\/index.php?rest_route=\/wp\/v2\/posts"}],"about":[{"href":"https:\/\/cultura.sma.gob.ar\/index.php?rest_route=\/wp\/v2\/types\/post"}],"author":[{"embeddable":true,"href":"https:\/\/cultura.sma.gob.ar\/index.php?rest_route=\/wp\/v2\/users\/1"}],"replies":[{"embeddable":true,"href":"https:\/\/cultura.sma.gob.ar\/index.php?rest_route=%2Fwp%2Fv2%2Fcomments&post=5784"}],"version-history":[{"count":1,"href":"https:\/\/cultura.sma.gob.ar\/index.php?rest_route=\/wp\/v2\/posts\/5784\/revisions"}],"predecessor-version":[{"id":5787,"href":"https:\/\/cultura.sma.gob.ar\/index.php?rest_route=\/wp\/v2\/posts\/5784\/revisions\/5787"}],"wp:featuredmedia":[{"embeddable":true,"href":"https:\/\/cultura.sma.gob.ar\/index.php?rest_route=\/wp\/v2\/media\/295"}],"wp:attachment":[{"href":"https:\/\/cultura.sma.gob.ar\/index.php?rest_route=%2Fwp%2Fv2%2Fmedia&parent=5784"}],"wp:term":[{"taxonomy":"category","embeddable":true,"href":"https:\/\/cultura.sma.gob.ar\/index.php?rest_route=%2Fwp%2Fv2%2Fcategories&post=5784"},{"taxonomy":"post_tag","embeddable":true,"href":"https:\/\/cultura.sma.gob.ar\/index.php?rest_route=%2Fwp%2Fv2%2Ftags&post=5784"}],"curies":[{"name":"wp","href":"https:\/\/api.w.org\/{rel}","templated":true}]}}