{"id":5779,"date":"2024-06-04T11:13:13","date_gmt":"2024-06-04T14:13:13","guid":{"rendered":"http:\/\/cultura.sma.gob.ar\/?p=5779"},"modified":"2024-06-04T11:13:13","modified_gmt":"2024-06-04T14:13:13","slug":"convocatoria-a-artistas-y-elencos-para-participar-del-8-festival-infantil-de-invierno","status":"publish","type":"post","link":"https:\/\/cultura.sma.gob.ar\/?p=5779","title":{"rendered":"Convocatoria a artistas y elencos para participar del 8\u00b0 Festival Infantil de Invierno"},"content":{"rendered":"\n<figure class=\"wp-block-image size-large\"><img loading=\"lazy\" decoding=\"async\" width=\"724\" height=\"1024\" src=\"https:\/\/cultura.sma.gob.ar\/wp-content\/uploads\/2024\/06\/SMA-TJ0016-Festival-Infantil-de-Invierno_Opcioin-2-724x1024.jpg\" alt=\"\" class=\"wp-image-5780\" srcset=\"https:\/\/cultura.sma.gob.ar\/wp-content\/uploads\/2024\/06\/SMA-TJ0016-Festival-Infantil-de-Invierno_Opcioin-2-724x1024.jpg 724w, https:\/\/cultura.sma.gob.ar\/wp-content\/uploads\/2024\/06\/SMA-TJ0016-Festival-Infantil-de-Invierno_Opcioin-2-212x300.jpg 212w, https:\/\/cultura.sma.gob.ar\/wp-content\/uploads\/2024\/06\/SMA-TJ0016-Festival-Infantil-de-Invierno_Opcioin-2-768x1086.jpg 768w, https:\/\/cultura.sma.gob.ar\/wp-content\/uploads\/2024\/06\/SMA-TJ0016-Festival-Infantil-de-Invierno_Opcioin-2-1086x1536.jpg 1086w, https:\/\/cultura.sma.gob.ar\/wp-content\/uploads\/2024\/06\/SMA-TJ0016-Festival-Infantil-de-Invierno_Opcioin-2-64x90.jpg 64w, https:\/\/cultura.sma.gob.ar\/wp-content\/uploads\/2024\/06\/SMA-TJ0016-Festival-Infantil-de-Invierno_Opcioin-2.jpg 1240w\" sizes=\"auto, (max-width: 724px) 100vw, 724px\" \/><\/figure>\n\n\n\n<p><br>La Secretaria de Cultura convoca a artistas y compa\u00f1\u00edas a presentar propuestas de espect\u00e1culos infantiles para el\u00a0<strong>8\u00b0 Festival Infantil de invierno<\/strong>, un ciclo de presentaciones destinadas a chicos y chicas de la localidad a realizarse durante las vacaciones de invierno, entre el 6 y el 20 de julio del corriente a\u00f1o, en el Teatro San Jos\u00e9. <strong>Se recibir\u00e1n postulaciones hasta el viernes 14 de junio del 2024 inclusive<\/strong>.<\/p>\n\n\n\n<h3 class=\"wp-block-heading\">Para la postulaci\u00f3n debe tenerse en cuenta lo siguiente:<\/h3>\n\n\n\n<p>\u00b7\u00a0Se priorizar\u00e1n espect\u00e1culos de obras teatrales infantiles<\/p>\n\n\n\n<p>\u00b7\u00a0Cada espect\u00e1culo deber\u00e1 tener una duraci\u00f3n de no menos de 45 minutos.<\/p>\n\n\n\n<p>\u00b7Las presentaciones se har\u00e1n en el Teatro San Jos\u00e9.<\/p>\n\n\n\n<p>\u00b7\u00a0Al igual que en las ediciones anteriores, los espect\u00e1culos ser\u00e1n \u201ca la gorra\u201d y la Secretar\u00eda de Cultura pagar\u00e1 un monto base, como acompa\u00f1amiento de gorra.<\/p>\n\n\n\n<p>\u00b7\u00a0Para participar del Festival se solicitar\u00e1 a los grupos locales que <a href=\"https:\/\/cultura.sma.gob.ar\/2022\/04\/20\/continua-abierta-la-inscripcion-al-registro-municipal-de-trabajadores-y-trabajadoras-de-la-cultura\/\">est\u00e9n inscriptos en el Registro Municipal de Trabajadores y Trabajadoras de la Cultura<\/a> (Ordenanza 13461\/21).<\/p>\n\n\n\n<p>\u00b7\u00a0\u00a0Las compa\u00f1\u00edas y\/o artistas deben poseer factura y constancia de CBU (excluyente).<\/p>\n\n\n\n<h3 class=\"wp-block-heading\">Las\/os interesadas\/os deben completar el formulario: <a rel=\"noreferrer noopener\" href=\"https:\/\/forms.gle\/kYdPtgGRMf39g6bh7\" target=\"_blank\">https:\/\/forms.gle\/kYdPtgGRMf39g6bh7<\/a><\/h3>\n\n\n\n<p><\/p>\n","protected":false},"excerpt":{"rendered":"<p>La Secretaria de Cultura convoca a artistas y compa\u00f1\u00edas a presentar propuestas de espect\u00e1culos infantiles para el\u00a08\u00b0 Festival Infantil de invierno, un ciclo de presentaciones destinadas a chicos y chicas de la localidad a realizarse durante las vacaciones de invierno, entre el 6 y el 20 de julio del corriente a\u00f1o, en el Teatro San Jos\u00e9. Se recibir\u00e1n postulaciones hasta el viernes 14 de junio &hellip; <a href=\"https:\/\/cultura.sma.gob.ar\/?p=5779\" class=\"more-link\">Continue reading <span class=\"screen-reader-text\">Convocatoria a artistas y elencos para participar del 8\u00b0 Festival Infantil de Invierno<\/span><\/a><\/p>\n","protected":false},"author":1,"featured_media":292,"comment_status":"closed","ping_status":"","sticky":false,"template":"","format":"image","meta":{"footnotes":""},"categories":[8,9],"tags":[],"class_list":["post-5779","post","type-post","status-publish","format-image","has-post-thumbnail","hentry","category-teatro-san-jose","category-ultimas-noticias","post_format-post-format-image"],"_links":{"self":[{"href":"https:\/\/cultura.sma.gob.ar\/index.php?rest_route=\/wp\/v2\/posts\/5779","targetHints":{"allow":["GET"]}}],"collection":[{"href":"https:\/\/cultura.sma.gob.ar\/index.php?rest_route=\/wp\/v2\/posts"}],"about":[{"href":"https:\/\/cultura.sma.gob.ar\/index.php?rest_route=\/wp\/v2\/types\/post"}],"author":[{"embeddable":true,"href":"https:\/\/cultura.sma.gob.ar\/index.php?rest_route=\/wp\/v2\/users\/1"}],"replies":[{"embeddable":true,"href":"https:\/\/cultura.sma.gob.ar\/index.php?rest_route=%2Fwp%2Fv2%2Fcomments&post=5779"}],"version-history":[{"count":1,"href":"https:\/\/cultura.sma.gob.ar\/index.php?rest_route=\/wp\/v2\/posts\/5779\/revisions"}],"predecessor-version":[{"id":5781,"href":"https:\/\/cultura.sma.gob.ar\/index.php?rest_route=\/wp\/v2\/posts\/5779\/revisions\/5781"}],"wp:featuredmedia":[{"embeddable":true,"href":"https:\/\/cultura.sma.gob.ar\/index.php?rest_route=\/wp\/v2\/media\/292"}],"wp:attachment":[{"href":"https:\/\/cultura.sma.gob.ar\/index.php?rest_route=%2Fwp%2Fv2%2Fmedia&parent=5779"}],"wp:term":[{"taxonomy":"category","embeddable":true,"href":"https:\/\/cultura.sma.gob.ar\/index.php?rest_route=%2Fwp%2Fv2%2Fcategories&post=5779"},{"taxonomy":"post_tag","embeddable":true,"href":"https:\/\/cultura.sma.gob.ar\/index.php?rest_route=%2Fwp%2Fv2%2Ftags&post=5779"}],"curies":[{"name":"wp","href":"https:\/\/api.w.org\/{rel}","templated":true}]}}