{"id":5761,"date":"2024-05-28T10:54:10","date_gmt":"2024-05-28T13:54:10","guid":{"rendered":"http:\/\/cultura.sma.gob.ar\/?p=5761"},"modified":"2024-05-28T10:54:10","modified_gmt":"2024-05-28T13:54:10","slug":"dos-nuevos-grupos-para-el-taller-aproximaciones-al-cuerpo-propio","status":"publish","type":"post","link":"https:\/\/cultura.sma.gob.ar\/?p=5761","title":{"rendered":"Dos nuevos grupos para el taller &#8220;Aproximaciones al cuerpo propio&#8221;"},"content":{"rendered":"\n<figure class=\"wp-block-image size-large\"><img loading=\"lazy\" decoding=\"async\" width=\"1024\" height=\"1024\" src=\"https:\/\/cultura.sma.gob.ar\/wp-content\/uploads\/2024\/05\/Aproximaciones.Junio_-1024x1024.jpeg\" alt=\"\" class=\"wp-image-5762\" srcset=\"https:\/\/cultura.sma.gob.ar\/wp-content\/uploads\/2024\/05\/Aproximaciones.Junio_-1024x1024.jpeg 1024w, https:\/\/cultura.sma.gob.ar\/wp-content\/uploads\/2024\/05\/Aproximaciones.Junio_-300x300.jpeg 300w, https:\/\/cultura.sma.gob.ar\/wp-content\/uploads\/2024\/05\/Aproximaciones.Junio_-150x150.jpeg 150w, https:\/\/cultura.sma.gob.ar\/wp-content\/uploads\/2024\/05\/Aproximaciones.Junio_-768x768.jpeg 768w, https:\/\/cultura.sma.gob.ar\/wp-content\/uploads\/2024\/05\/Aproximaciones.Junio_-90x90.jpeg 90w, https:\/\/cultura.sma.gob.ar\/wp-content\/uploads\/2024\/05\/Aproximaciones.Junio_.jpeg 1080w\" sizes=\"auto, (max-width: 1024px) 100vw, 1024px\" \/><\/figure>\n\n\n\n<p>Felices de anunciar que se abren dos nuevos grupos para comenzar en JUNIO<br><em><strong>Aproximaciones al cuerpo propio\u00a0<\/strong><\/em>es un taller que invita a transitar la representaci\u00f3n del cuerpo como punto de partida para la experimentaci\u00f3n art\u00edstica, generando un espacio de investigaci\u00f3n creativa y discursiva centrado en la b\u00fasqueda de la expresividad y la po\u00e9tica personal, reconociendo el cuerpo como un potente motor de sentido.<\/p>\n\n\n\n<p>Un laboratorio desde el cual formular y resolver interrogantes en torno al propio cuerpo como herramienta para el discurso art\u00edstico, as\u00ed como indagar en artistas que hayan utilizado su cuerpo como medio, herramienta y lienzo a lo largo de su obra.\u00a0<\/p>\n\n\n\n<p>El taller es multidisciplinar. Si bien la propuesta est\u00e1 atravesada por la fotograf\u00eda, no est\u00e1 cerrada a ese \u00fanico modo de expresi\u00f3n. Acompa\u00f1amos la b\u00fasqueda y el desarrollo de cada participante desde el lenguaje con el que mejor se identifique, proponiendo otras posibilidades que puedan potenciar su discurso.<\/p>\n\n\n\n<p>Dirigido a fot\u00f3grafes, artistas visuales, performers, videastas, creadores en general como as\u00ed tambi\u00e9n a toda persona interesada en transitar las posibilidades expresivas y discursivas de su propio cuerpo. No es necesaria la experiencia previa.<\/p>\n\n\n\n<p>La propuesta es ONLINE. Tiene una duraci\u00f3n de 3 meses, con encuentros quincenales (el taller total es de 6 encuentros de 2 horas, 2 por mes).<\/p>\n\n\n\n<p>\u21a0 Por d\u00edas, horarios, m\u00e1s informaci\u00f3n e inscripciones pueden escribir a&nbsp;<a href=\"https:\/\/correo.smandes.gov.ar\/owa\/redir.aspx?C=0eeec2af81f34640a0331bf246435109&amp;URL=mailto%3aaproximacionesalcuerpopropio%40gmail.com\">aproximacionesalcuerpopropio@gmail.com<\/a>&nbsp;o DM en el Instagram&nbsp;<a>@aproximacionesalcuerpopropio&nbsp;<\/a><\/p>\n\n\n\n<p>\u21a0 Fotograf\u00eda de flyer: @humana_deniebla<\/p>\n\n\n\n<p>No cuelguen que los cupos son limitados \u26a1<\/p>\n","protected":false},"excerpt":{"rendered":"<p>Felices de anunciar que se abren dos nuevos grupos para comenzar en JUNIOAproximaciones al cuerpo propio\u00a0es un taller que invita a transitar la representaci\u00f3n del cuerpo como punto de partida para la experimentaci\u00f3n art\u00edstica, generando un espacio de investigaci\u00f3n creativa y discursiva centrado en la b\u00fasqueda de la expresividad y la po\u00e9tica personal, reconociendo el cuerpo como un potente motor de sentido. Un laboratorio desde &hellip; <a href=\"https:\/\/cultura.sma.gob.ar\/?p=5761\" class=\"more-link\">Continue reading <span class=\"screen-reader-text\">Dos nuevos grupos para el taller &#8220;Aproximaciones al cuerpo propio&#8221;<\/span><\/a><\/p>\n","protected":false},"author":1,"featured_media":297,"comment_status":"closed","ping_status":"","sticky":false,"template":"","format":"image","meta":{"footnotes":""},"categories":[2,9],"tags":[],"class_list":["post-5761","post","type-post","status-publish","format-image","has-post-thumbnail","hentry","category-ciudad-cultural","category-ultimas-noticias","post_format-post-format-image"],"_links":{"self":[{"href":"https:\/\/cultura.sma.gob.ar\/index.php?rest_route=\/wp\/v2\/posts\/5761","targetHints":{"allow":["GET"]}}],"collection":[{"href":"https:\/\/cultura.sma.gob.ar\/index.php?rest_route=\/wp\/v2\/posts"}],"about":[{"href":"https:\/\/cultura.sma.gob.ar\/index.php?rest_route=\/wp\/v2\/types\/post"}],"author":[{"embeddable":true,"href":"https:\/\/cultura.sma.gob.ar\/index.php?rest_route=\/wp\/v2\/users\/1"}],"replies":[{"embeddable":true,"href":"https:\/\/cultura.sma.gob.ar\/index.php?rest_route=%2Fwp%2Fv2%2Fcomments&post=5761"}],"version-history":[{"count":1,"href":"https:\/\/cultura.sma.gob.ar\/index.php?rest_route=\/wp\/v2\/posts\/5761\/revisions"}],"predecessor-version":[{"id":5763,"href":"https:\/\/cultura.sma.gob.ar\/index.php?rest_route=\/wp\/v2\/posts\/5761\/revisions\/5763"}],"wp:featuredmedia":[{"embeddable":true,"href":"https:\/\/cultura.sma.gob.ar\/index.php?rest_route=\/wp\/v2\/media\/297"}],"wp:attachment":[{"href":"https:\/\/cultura.sma.gob.ar\/index.php?rest_route=%2Fwp%2Fv2%2Fmedia&parent=5761"}],"wp:term":[{"taxonomy":"category","embeddable":true,"href":"https:\/\/cultura.sma.gob.ar\/index.php?rest_route=%2Fwp%2Fv2%2Fcategories&post=5761"},{"taxonomy":"post_tag","embeddable":true,"href":"https:\/\/cultura.sma.gob.ar\/index.php?rest_route=%2Fwp%2Fv2%2Ftags&post=5761"}],"curies":[{"name":"wp","href":"https:\/\/api.w.org\/{rel}","templated":true}]}}