{"id":5755,"date":"2024-05-24T15:24:35","date_gmt":"2024-05-24T18:24:35","guid":{"rendered":"http:\/\/cultura.sma.gob.ar\/?p=5755"},"modified":"2024-05-24T15:24:35","modified_gmt":"2024-05-24T18:24:35","slug":"doble-concierto-de-la-orquesta-escuela-de-los-andes","status":"publish","type":"post","link":"https:\/\/cultura.sma.gob.ar\/?p=5755","title":{"rendered":"Doble concierto de la Orquesta Escuela de los Andes"},"content":{"rendered":"\n<figure class=\"wp-block-image size-large\"><img loading=\"lazy\" decoding=\"async\" width=\"1024\" height=\"1024\" src=\"https:\/\/cultura.sma.gob.ar\/wp-content\/uploads\/2024\/05\/flyer-30-de-mayo-1024x1024.jpg\" alt=\"\" class=\"wp-image-5756\" srcset=\"https:\/\/cultura.sma.gob.ar\/wp-content\/uploads\/2024\/05\/flyer-30-de-mayo-1024x1024.jpg 1024w, https:\/\/cultura.sma.gob.ar\/wp-content\/uploads\/2024\/05\/flyer-30-de-mayo-300x300.jpg 300w, https:\/\/cultura.sma.gob.ar\/wp-content\/uploads\/2024\/05\/flyer-30-de-mayo-150x150.jpg 150w, https:\/\/cultura.sma.gob.ar\/wp-content\/uploads\/2024\/05\/flyer-30-de-mayo-768x768.jpg 768w, https:\/\/cultura.sma.gob.ar\/wp-content\/uploads\/2024\/05\/flyer-30-de-mayo-1536x1536.jpg 1536w, https:\/\/cultura.sma.gob.ar\/wp-content\/uploads\/2024\/05\/flyer-30-de-mayo-90x90.jpg 90w, https:\/\/cultura.sma.gob.ar\/wp-content\/uploads\/2024\/05\/flyer-30-de-mayo.jpg 1599w\" sizes=\"auto, (max-width: 1024px) 100vw, 1024px\" \/><\/figure>\n\n\n\n<p>Doble Concierto en C.C Cotesma Orquesta Escuela de los Andes, Jueves 30 de<br>Mayo, a las 19 y 20hs<\/p>\n\n\n\n<p><strong>Repertorio a Interpretar:<\/strong><br>Viajes( El tren se va &#8211; No voy en tren)<br>De la orquesta lo que vi<br>Canci\u00f3n del jardinero<br>Rey Mago<br>La calandria<br>La cultura es la sonrisa<br>Contradanza<br>Malena<br>Puente carretero<br>El paso final<\/p>\n\n\n\n<p><strong>Rese\u00f1a Orquesta:<\/strong><br>El proyecto educativo musical de la Orquesta Escuela de los Andes de la<br>Municipalidad de San Mart\u00edn de los Andes, nace en marzo del a\u00f1o 2007 como<br>orquesta de cuerdas . En el a\u00f1o 2012 se incorporan las secciones de vientos<br>de madera, vientos de metal y percusi\u00f3n, dando lugar as\u00ed a la conformaci\u00f3n de<br>la primera orquesta sinf\u00f3nica del pueblo, integrada por chicas y chicos de<br>distintos barrios, y con sede actual en la Escuela 188 del Barrio El Arenal.<br>Es su objetivo generar una actividad musical colectiva para promover la<br>capacidad creadora individual y grupal de les ni\u00f1es y j\u00f3venes, fortaleciendo el<br>desarrollo de sus potencialidades, su autonom\u00eda y su capacidad de interactuar<br>en su comunidad de pertenencia haciendo m\u00fasica y siendo personas solidarias<br>colectivamente. En este espacio de construcci\u00f3n , la pr\u00e1ctica pedag\u00f3gica<br>musical y la tarea solidaria de las familias que lo forman, van de la mano.<br>Est\u00e1 actualmente integrada por 100 ni\u00f1as ni\u00f1os y j\u00f3venes instrumentistas de<br>entre 7 y 21 a\u00f1os, sus familias y un equipo de doce docentes.<br>Han realizado numerosos conciertos en distintos \u00e1mbitos de nuestra localidad,<br>as\u00ed como en Buenos Aires, Villa La Angostura, Neuqu\u00e9n, Alumin\u00e9, La Plata,<br>Ciudad Aut\u00f3noma de Buenos Aires, Puerto Madryn, Trevelin, Huerta Grande y<br>Neltume (CHILE).<\/p>\n\n\n\n<p><strong>Propuesta 2024:<\/strong><br>Para este a\u00f1o se proponen continuar con los proyectos de conciertos<br>did\u00e1cticos para escuelas y espacios culturales de nuestra localidad . Para el<br>Viernes 5 de julio esta previsto un nuevo Doble Concierto en el Espacio Trama.<br>Y para la segunda parte del a\u00f1o se espera Continuar con el Proyecto Vai Ven<br>propuesta de viajes de intercambio did\u00e1cticos con otras orquestas de otras<br>localidades y provincias.<br>Cuentan con el apoyo y solidaridad de la Asociaci\u00f3n Civil Amigos y Familiares<br>de la Orquesta Escuela de los Andes quienes impulsan actividades y eventos<br>para recaudar fondos para la orquesta y sus proyectos anexos como viajes y<br>conciertos.<\/p>\n\n\n\n<p>Quien quiera asociarse o sumarse como colaborador donante de nuestra<br>orquesta puede hacerlo al Alias: afaoea2<\/p>\n\n\n\n<p>asorquestaescueladelosandes@gmail.com<br>O bien contactarse al<br>+54 9 11 3152-1643\/ Mara<br>\u00a1Les Esperamos!<\/p>\n","protected":false},"excerpt":{"rendered":"<p>Doble Concierto en C.C Cotesma Orquesta Escuela de los Andes, Jueves 30 deMayo, a las 19 y 20hs Repertorio a Interpretar:Viajes( El tren se va &#8211; No voy en tren)De la orquesta lo que viCanci\u00f3n del jardineroRey MagoLa calandriaLa cultura es la sonrisaContradanzaMalenaPuente carreteroEl paso final Rese\u00f1a Orquesta:El proyecto educativo musical de la Orquesta Escuela de los Andes de laMunicipalidad de San Mart\u00edn de los &hellip; <a href=\"https:\/\/cultura.sma.gob.ar\/?p=5755\" class=\"more-link\">Continue reading <span class=\"screen-reader-text\">Doble concierto de la Orquesta Escuela de los Andes<\/span><\/a><\/p>\n","protected":false},"author":1,"featured_media":297,"comment_status":"closed","ping_status":"","sticky":false,"template":"","format":"image","meta":{"footnotes":""},"categories":[2,9],"tags":[],"class_list":["post-5755","post","type-post","status-publish","format-image","has-post-thumbnail","hentry","category-ciudad-cultural","category-ultimas-noticias","post_format-post-format-image"],"_links":{"self":[{"href":"https:\/\/cultura.sma.gob.ar\/index.php?rest_route=\/wp\/v2\/posts\/5755","targetHints":{"allow":["GET"]}}],"collection":[{"href":"https:\/\/cultura.sma.gob.ar\/index.php?rest_route=\/wp\/v2\/posts"}],"about":[{"href":"https:\/\/cultura.sma.gob.ar\/index.php?rest_route=\/wp\/v2\/types\/post"}],"author":[{"embeddable":true,"href":"https:\/\/cultura.sma.gob.ar\/index.php?rest_route=\/wp\/v2\/users\/1"}],"replies":[{"embeddable":true,"href":"https:\/\/cultura.sma.gob.ar\/index.php?rest_route=%2Fwp%2Fv2%2Fcomments&post=5755"}],"version-history":[{"count":1,"href":"https:\/\/cultura.sma.gob.ar\/index.php?rest_route=\/wp\/v2\/posts\/5755\/revisions"}],"predecessor-version":[{"id":5757,"href":"https:\/\/cultura.sma.gob.ar\/index.php?rest_route=\/wp\/v2\/posts\/5755\/revisions\/5757"}],"wp:featuredmedia":[{"embeddable":true,"href":"https:\/\/cultura.sma.gob.ar\/index.php?rest_route=\/wp\/v2\/media\/297"}],"wp:attachment":[{"href":"https:\/\/cultura.sma.gob.ar\/index.php?rest_route=%2Fwp%2Fv2%2Fmedia&parent=5755"}],"wp:term":[{"taxonomy":"category","embeddable":true,"href":"https:\/\/cultura.sma.gob.ar\/index.php?rest_route=%2Fwp%2Fv2%2Fcategories&post=5755"},{"taxonomy":"post_tag","embeddable":true,"href":"https:\/\/cultura.sma.gob.ar\/index.php?rest_route=%2Fwp%2Fv2%2Ftags&post=5755"}],"curies":[{"name":"wp","href":"https:\/\/api.w.org\/{rel}","templated":true}]}}